{"id":23162,"date":"2016-06-17T12:16:34","date_gmt":"2016-06-17T12:16:34","guid":{"rendered":"http:\/\/plazajuarez.mx\/index\/index.php\/2016\/06\/17\/jaydy-michel-y-rafa-marquez-reciben-a-su-bebe\/"},"modified":"2016-06-17T12:16:34","modified_gmt":"2016-06-17T12:16:34","slug":"jaydy-michel-y-rafa-marquez-reciben-a-su-bebe","status":"publish","type":"post","link":"https:\/\/plazajuarez.mx\/historico\/jaydy-michel-y-rafa-marquez-reciben-a-su-bebe\/","title":{"rendered":"Jaydy Michel y Rafa M\u00e1rquez reciben a su beb\u00e9"},"content":{"rendered":"<p style=\"text-align: justify;\">Medios de comunicaci\u00f3n aseguran que tanto la madre como el beb\u00e9 se encuentran en perfecto estado de salud<\/p>\n<p>  <!--more-->  <\/p>\n<p style=\"text-align: justify;\">La actriz y modelo Jaydy Michel y el futbolista Rafael M\u00e1rquez recibieron el d\u00eda de ayer a su primer hijo de este matrimonio en un hospital de Guadalajara. <br \/>Tanto la madre como el beb\u00e9 se encuentran en perfecto estado de salud, de acuerdo con la revista \u00a1Hola!, la cual tambi\u00e9n inform\u00f3 que el nombre a\u00fan no est\u00e1 decidido. <br \/>En la v\u00edspera, la cuenta oficial de la Selecci\u00f3n Nacional que toma parte en la Copa Am\u00e9rica anunci\u00f3 que M\u00e1rquez dejar\u00eda unas horas la concentraci\u00f3n en San Jos\u00e9, California, para viajar a la Perla Tapat\u00eda a recibir al peque\u00f1o. <br \/>El club de futbol Atlas, en el cual milita y debut\u00f3 el capit\u00e1n del equipo nacional, felicit\u00f3 a trav\u00e9s de las redes sociales a los padres: \u201c\u00a1Bienvenido a la familia rojinegra!\u201d. <br \/>Tambi\u00e9n el periodista deportivo Javier Alarc\u00f3n aprovech\u00f3 el medio para felicitar a los padres. <br \/>Rafael M\u00e1rquez, de 37 a\u00f1os de edad, es padre de dos hijos producto de su anterior matrimonio con Adriana Lavat, mientras que Jaydy Michel, de 42, comparte un hijo con el cantante Alejandro Sanz.<\/p>\n","protected":false},"excerpt":{"rendered":"<p>Medios de comunicaci\u00f3n aseguran que tanto la madre como el beb\u00e9 se encuentran en perfecto estado de salud<\/p>\n","protected":false},"author":93,"featured_media":0,"comment_status":"open","ping_status":"open","sticky":false,"template":"","format":"standard","meta":{"footnotes":""},"categories":[38],"tags":[],"class_list":["post-23162","post","type-post","status-publish","format-standard","hentry","category-show"],"_links":{"self":[{"href":"https:\/\/plazajuarez.mx\/historico\/wp-json\/wp\/v2\/posts\/23162","targetHints":{"allow":["GET"]}}],"collection":[{"href":"https:\/\/plazajuarez.mx\/historico\/wp-json\/wp\/v2\/posts"}],"about":[{"href":"https:\/\/plazajuarez.mx\/historico\/wp-json\/wp\/v2\/types\/post"}],"author":[{"embeddable":true,"href":"https:\/\/plazajuarez.mx\/historico\/wp-json\/wp\/v2\/users\/93"}],"replies":[{"embeddable":true,"href":"https:\/\/plazajuarez.mx\/historico\/wp-json\/wp\/v2\/comments?post=23162"}],"version-history":[{"count":0,"href":"https:\/\/plazajuarez.mx\/historico\/wp-json\/wp\/v2\/posts\/23162\/revisions"}],"wp:attachment":[{"href":"https:\/\/plazajuarez.mx\/historico\/wp-json\/wp\/v2\/media?parent=23162"}],"wp:term":[{"taxonomy":"category","embeddable":true,"href":"https:\/\/plazajuarez.mx\/historico\/wp-json\/wp\/v2\/categories?post=23162"},{"taxonomy":"post_tag","embeddable":true,"href":"https:\/\/plazajuarez.mx\/historico\/wp-json\/wp\/v2\/tags?post=23162"}],"curies":[{"name":"wp","href":"https:\/\/api.w.org\/{rel}","templated":true}]}}