{"id":231614,"date":"2022-09-27T10:59:58","date_gmt":"2022-09-27T15:59:58","guid":{"rendered":"https:\/\/plazajuarez.mx\/?p=231614"},"modified":"2022-09-27T11:00:04","modified_gmt":"2022-09-27T16:00:04","slug":"perdida-irreparable-2","status":"publish","type":"post","link":"https:\/\/plazajuarez.mx\/historico\/perdida-irreparable-2\/","title":{"rendered":"P\u00e9rdida irreparable"},"content":{"rendered":"\n<h2 class=\"wp-block-heading\">CINE DE MA\u00d1ANA<\/h2>\n\n\n\n<p>Mam\u00e1, mam\u00e1, mam\u00e1, una de las \u00faltimas cintas de la s\u00e9ptima edici\u00f3n de Talento Emergente que se presenta en la Cineteca Nacional, marc\u00f3 el debut de la argentina Sol Berruezo Pich\u00f3n Riviere.<\/p>\n\n\n\n<p>El gui\u00f3n de la propia realizadora est\u00e1 ambientado en una casa de campo al estilo de La ci\u00e9naga de Lucrecia Martel.<\/p>\n\n\n\n<p>La joven Cleo (Agustina Milestein) se queda sola en la casa, luego de que su hermana peque\u00f1a se ahog\u00f3 en la piscina, que ha quedado vetada, pese al calor imperante. Despu\u00e9s del ni\u00f1o ahogado tapan el pozo Recibe la visita de sus primas Nerina (Chloe Cherchyk), Manuela (Camila Zolezzi) y Leoncia (Matilde Creimer Chiabrando) que tratan de ayudarla a sobrellevar su p\u00e9rdida.<\/p>\n\n\n\n<p>Pero a esta se a\u00f1ade la primera menstruaci\u00f3n de Cleo, y el miedo a un secuestrador que rapta a ni\u00f1as de su edad.<\/p>\n\n\n\n<p>Berruezo construye una entra\u00f1able cinta sensorial, de iniciaci\u00f3n. Un universo femenino en el que el hombre desempe\u00f1a un papel secundario y casi anecd\u00f3tico.<\/p>\n\n\n\n<p>Asimismo se trata de un universo juvenil, en el que los adultos, la madre, la t\u00eda y la abuela viven en un mundo aparte, incapaces de compartir el dolor que experimentan.<\/p>\n\n\n\n<p>Mam\u00e1, mam\u00e1, mam\u00e1 estuvo nominada a la mejor \u00f3pera prima en el Festival de Berl\u00edn y resulta un entra\u00f1able retrato femenino sobre una p\u00e9rdida irreparable.<\/p>\n","protected":false},"excerpt":{"rendered":"<p>CINE DE MA\u00d1ANA Mam\u00e1, mam\u00e1, mam\u00e1, una de las \u00faltimas cintas de la s\u00e9ptima edici\u00f3n de Talento Emergente que se presenta en la Cineteca Nacional, marc\u00f3 el debut de la argentina Sol Berruezo Pich\u00f3n Riviere. El gui\u00f3n de la propia realizadora est\u00e1 ambientado en una casa de campo al estilo de La ci\u00e9naga de Lucrecia [&hellip;]<\/p>\n","protected":false},"author":96,"featured_media":231623,"comment_status":"closed","ping_status":"closed","sticky":false,"template":"","format":"standard","meta":{"footnotes":""},"categories":[41,54,42],"tags":[],"class_list":["post-231614","post","type-post","status-publish","format-standard","has-post-thumbnail","hentry","category-arteria-cultural","category-jorge-carrasco","category-nuestrapalabra"],"_links":{"self":[{"href":"https:\/\/plazajuarez.mx\/historico\/wp-json\/wp\/v2\/posts\/231614","targetHints":{"allow":["GET"]}}],"collection":[{"href":"https:\/\/plazajuarez.mx\/historico\/wp-json\/wp\/v2\/posts"}],"about":[{"href":"https:\/\/plazajuarez.mx\/historico\/wp-json\/wp\/v2\/types\/post"}],"author":[{"embeddable":true,"href":"https:\/\/plazajuarez.mx\/historico\/wp-json\/wp\/v2\/users\/96"}],"replies":[{"embeddable":true,"href":"https:\/\/plazajuarez.mx\/historico\/wp-json\/wp\/v2\/comments?post=231614"}],"version-history":[{"count":0,"href":"https:\/\/plazajuarez.mx\/historico\/wp-json\/wp\/v2\/posts\/231614\/revisions"}],"wp:featuredmedia":[{"embeddable":true,"href":"https:\/\/plazajuarez.mx\/historico\/wp-json\/wp\/v2\/media\/231623"}],"wp:attachment":[{"href":"https:\/\/plazajuarez.mx\/historico\/wp-json\/wp\/v2\/media?parent=231614"}],"wp:term":[{"taxonomy":"category","embeddable":true,"href":"https:\/\/plazajuarez.mx\/historico\/wp-json\/wp\/v2\/categories?post=231614"},{"taxonomy":"post_tag","embeddable":true,"href":"https:\/\/plazajuarez.mx\/historico\/wp-json\/wp\/v2\/tags?post=231614"}],"curies":[{"name":"wp","href":"https:\/\/api.w.org\/{rel}","templated":true}]}}