{"id":231612,"date":"2022-09-27T10:59:03","date_gmt":"2022-09-27T15:59:03","guid":{"rendered":"https:\/\/plazajuarez.mx\/?p=231612"},"modified":"2022-09-27T11:41:14","modified_gmt":"2022-09-27T16:41:14","slug":"presentan-el-nuevo-poemario-de-jose-homero","status":"publish","type":"post","link":"https:\/\/plazajuarez.mx\/historico\/presentan-el-nuevo-poemario-de-jose-homero\/","title":{"rendered":"Presentan el nuevo poemario de Jos\u00e9 Homero"},"content":{"rendered":"\n<p>A 10 a\u00f1os de la publicaci\u00f3n de La ciudad de los muertos, su \u00faltimo libro, la producci\u00f3n po\u00e9tica del escritor Jos\u00e9 Homero estar\u00e1 de nuevo en librer\u00edas con Funci\u00f3n de Mandelbrot, publicado este 2022 por el Fondo Editorial de la Universidad Aut\u00f3noma de Quer\u00e9taro.<\/p>\n\n\n\n<p>Este nuevo libro es un conjunto de poemas divididos en tres apartados: &#8220;En la corte de las buenas gentes&#8221;, &#8220;R\u00edos y afluentes&#8221; y &#8220;Rueda de la fortuna&#8221;, en los que el autor vuelca sus preocupaciones literarias en un di\u00e1logo con las inquietudes compositivas de autores como el grupo Black Mountain, The Beatles o Pulp, pero tambi\u00e9n al trabajo de Charles Baudelaire, Ezra Pound y Cesare Pavese.<\/p>\n\n\n\n<p>Respecto a la unidad tem\u00e1tica de la obra, Homero refiere que a diferencia de muchos libros que sostienen su unidad en el hecho de ser monotem\u00e1ticos, en &#8220;Funci\u00f3n de Mandelbrot &#8220;la unidad tiene que ver con la integraci\u00f3n de diversos elementos en una suerte de propuesta narrativa. Aunque parezcan poemas distintos y a veces hasta dis\u00edmbolos, si se trabajan y eligen los m\u00e1s propositivos, es posible plantear una historia po\u00e9tica&#8221;.<\/p>\n\n\n\n<p>Funci\u00f3n de Mandebrot se presentar\u00e1 el d\u00edade hoy en la Casa del Poeta Ram\u00f3n L\u00f3pez Velarde (Av. \u00c1lvaro Obreg\u00f3n 73, Roma) a las 19:30 horas. Los comentarios de este nuevo poemario estar\u00e1n a cargo de los poetas Fernando Fern\u00e1ndez y Armando Gonz\u00e1lez Torres.<\/p>\n","protected":false},"excerpt":{"rendered":"<p>A 10 a\u00f1os de la publicaci\u00f3n de La ciudad de los muertos, su \u00faltimo libro, la producci\u00f3n po\u00e9tica del escritor Jos\u00e9 Homero estar\u00e1 de nuevo en librer\u00edas con Funci\u00f3n de Mandelbrot, publicado este 2022 por el Fondo Editorial de la Universidad Aut\u00f3noma de Quer\u00e9taro. Este nuevo libro es un conjunto de poemas divididos en tres [&hellip;]<\/p>\n","protected":false},"author":81,"featured_media":231620,"comment_status":"closed","ping_status":"closed","sticky":false,"template":"","format":"standard","meta":{"footnotes":""},"categories":[41],"tags":[],"class_list":["post-231612","post","type-post","status-publish","format-standard","has-post-thumbnail","hentry","category-arteria-cultural"],"_links":{"self":[{"href":"https:\/\/plazajuarez.mx\/historico\/wp-json\/wp\/v2\/posts\/231612","targetHints":{"allow":["GET"]}}],"collection":[{"href":"https:\/\/plazajuarez.mx\/historico\/wp-json\/wp\/v2\/posts"}],"about":[{"href":"https:\/\/plazajuarez.mx\/historico\/wp-json\/wp\/v2\/types\/post"}],"author":[{"embeddable":true,"href":"https:\/\/plazajuarez.mx\/historico\/wp-json\/wp\/v2\/users\/81"}],"replies":[{"embeddable":true,"href":"https:\/\/plazajuarez.mx\/historico\/wp-json\/wp\/v2\/comments?post=231612"}],"version-history":[{"count":0,"href":"https:\/\/plazajuarez.mx\/historico\/wp-json\/wp\/v2\/posts\/231612\/revisions"}],"wp:featuredmedia":[{"embeddable":true,"href":"https:\/\/plazajuarez.mx\/historico\/wp-json\/wp\/v2\/media\/231620"}],"wp:attachment":[{"href":"https:\/\/plazajuarez.mx\/historico\/wp-json\/wp\/v2\/media?parent=231612"}],"wp:term":[{"taxonomy":"category","embeddable":true,"href":"https:\/\/plazajuarez.mx\/historico\/wp-json\/wp\/v2\/categories?post=231612"},{"taxonomy":"post_tag","embeddable":true,"href":"https:\/\/plazajuarez.mx\/historico\/wp-json\/wp\/v2\/tags?post=231612"}],"curies":[{"name":"wp","href":"https:\/\/api.w.org\/{rel}","templated":true}]}}