{"id":231602,"date":"2022-09-27T10:29:40","date_gmt":"2022-09-27T15:29:40","guid":{"rendered":"https:\/\/plazajuarez.mx\/?p=231602"},"modified":"2022-09-27T10:56:43","modified_gmt":"2022-09-27T15:56:43","slug":"en-combate-al-robo-de-vehiculos-policia-estatal-asegura-a-tres-personas","status":"publish","type":"post","link":"https:\/\/plazajuarez.mx\/historico\/en-combate-al-robo-de-vehiculos-policia-estatal-asegura-a-tres-personas\/","title":{"rendered":"En combate al robo de veh\u00edculos, Polic\u00eda Estatal asegura a tres personas"},"content":{"rendered":"\n<p>Derivado del reporte de robo de una camioneta en el municipio de Zimap\u00e1n, la Secretar\u00eda de Seguridad P\u00fablica de Hidalgo, a trav\u00e9s de la Polic\u00eda Estatal, desarroll\u00f3 un dispositivo con el que recuper\u00f3 la unidad y asegur\u00f3 a tres personas presuntamente relacionadas con los hechos.<\/p>\n\n\n\n<p>El despliegue, en coordinaci\u00f3n con la Polic\u00eda Municipal, deriv\u00f3 en la localizaci\u00f3n del veh\u00edculo GMC Sierra, pick up, color vino con blanco, a la altura de la localidad de El Aguacatito, a un costado de la carretera federal M\u00e9xico-Laredo.<\/p>\n\n\n\n<p>En el sitio fueron intervenidos quienes se identificaron como R.O.A., de 24 a\u00f1os, A.S.Z., de 50, y L.A.A.M., de 22, junto con un veh\u00edculo Ford Mustang, color amarillo, placas de Hidalgo, quienes al notar la presencia policial intentaron darse a la fuga.<\/p>\n\n\n\n<p>Las tres personas, bajo el tratamiento de derechos que les asisten, fueron remitidos ante un Ministerio P\u00fablico de la Procuradur\u00eda General de Justicia de Hidalgo relacionados con la carpeta de investigaci\u00f3n iniciada.<\/p>\n","protected":false},"excerpt":{"rendered":"<p>Derivado del reporte de robo de una camioneta en el municipio de Zimap\u00e1n, la Secretar\u00eda de Seguridad P\u00fablica de Hidalgo, a trav\u00e9s de la Polic\u00eda Estatal, desarroll\u00f3 un dispositivo con el que recuper\u00f3 la unidad y asegur\u00f3 a tres personas presuntamente relacionadas con los hechos. El despliegue, en coordinaci\u00f3n con la Polic\u00eda Municipal, deriv\u00f3 en [&hellip;]<\/p>\n","protected":false},"author":93,"featured_media":231608,"comment_status":"closed","ping_status":"closed","sticky":false,"template":"","format":"standard","meta":{"footnotes":""},"categories":[37],"tags":[],"class_list":["post-231602","post","type-post","status-publish","format-standard","has-post-thumbnail","hentry","category-barandilla"],"_links":{"self":[{"href":"https:\/\/plazajuarez.mx\/historico\/wp-json\/wp\/v2\/posts\/231602","targetHints":{"allow":["GET"]}}],"collection":[{"href":"https:\/\/plazajuarez.mx\/historico\/wp-json\/wp\/v2\/posts"}],"about":[{"href":"https:\/\/plazajuarez.mx\/historico\/wp-json\/wp\/v2\/types\/post"}],"author":[{"embeddable":true,"href":"https:\/\/plazajuarez.mx\/historico\/wp-json\/wp\/v2\/users\/93"}],"replies":[{"embeddable":true,"href":"https:\/\/plazajuarez.mx\/historico\/wp-json\/wp\/v2\/comments?post=231602"}],"version-history":[{"count":0,"href":"https:\/\/plazajuarez.mx\/historico\/wp-json\/wp\/v2\/posts\/231602\/revisions"}],"wp:featuredmedia":[{"embeddable":true,"href":"https:\/\/plazajuarez.mx\/historico\/wp-json\/wp\/v2\/media\/231608"}],"wp:attachment":[{"href":"https:\/\/plazajuarez.mx\/historico\/wp-json\/wp\/v2\/media?parent=231602"}],"wp:term":[{"taxonomy":"category","embeddable":true,"href":"https:\/\/plazajuarez.mx\/historico\/wp-json\/wp\/v2\/categories?post=231602"},{"taxonomy":"post_tag","embeddable":true,"href":"https:\/\/plazajuarez.mx\/historico\/wp-json\/wp\/v2\/tags?post=231602"}],"curies":[{"name":"wp","href":"https:\/\/api.w.org\/{rel}","templated":true}]}}