{"id":231601,"date":"2022-09-27T10:29:22","date_gmt":"2022-09-27T15:29:22","guid":{"rendered":"https:\/\/plazajuarez.mx\/?p=231601"},"modified":"2022-09-27T10:56:56","modified_gmt":"2022-09-27T15:56:56","slug":"desaparece-otro-comunicador-en-chiapas","status":"publish","type":"post","link":"https:\/\/plazajuarez.mx\/historico\/desaparece-otro-comunicador-en-chiapas\/","title":{"rendered":"Desaparece otro comunicador en Chiapas"},"content":{"rendered":"\n<p>Agentes de la Polic\u00eda Especializada buscan a Roberto Carlos Flores Mendoza, administrador de la p\u00e1gina de noticias &#8220;Chiapas Denuncia Ya&#8221;, reportado como desaparecido desde hace seis d\u00edas en Comit\u00e1n de Dom\u00ednguez.<\/p>\n\n\n\n<p>El pasado martes, Flores Mendoza fue interceptado por hombres que viajaban en una camioneta cuando conduc\u00eda su veh\u00edculo, con placas DSN 7991, en el barrio de La Pileta. Desde entonces se desconoce su paradero, informaron sus familiares a la fiscal\u00eda estatal.<\/p>\n\n\n\n<p>D\u00edas antes de su desaparici\u00f3n hab\u00eda publicado informaci\u00f3n sobre una supuesta lucha interna que se libra en el C\u00e1rtel de Sinaloa en el estado de Chiapas. Dicha publicaci\u00f3n fue borrada horas despu\u00e9s.<\/p>\n\n\n\n<p>La misma informaci\u00f3n fue retomada el 23 de septiembre por el portal Infobae.<\/p>\n","protected":false},"excerpt":{"rendered":"<p>Agentes de la Polic\u00eda Especializada buscan a Roberto Carlos Flores Mendoza, administrador de la p\u00e1gina de noticias &#8220;Chiapas Denuncia Ya&#8221;, reportado como desaparecido desde hace seis d\u00edas en Comit\u00e1n de Dom\u00ednguez. El pasado martes, Flores Mendoza fue interceptado por hombres que viajaban en una camioneta cuando conduc\u00eda su veh\u00edculo, con placas DSN 7991, en el [&hellip;]<\/p>\n","protected":false},"author":81,"featured_media":231606,"comment_status":"closed","ping_status":"closed","sticky":false,"template":"","format":"standard","meta":{"footnotes":""},"categories":[37],"tags":[],"class_list":["post-231601","post","type-post","status-publish","format-standard","has-post-thumbnail","hentry","category-barandilla"],"_links":{"self":[{"href":"https:\/\/plazajuarez.mx\/historico\/wp-json\/wp\/v2\/posts\/231601","targetHints":{"allow":["GET"]}}],"collection":[{"href":"https:\/\/plazajuarez.mx\/historico\/wp-json\/wp\/v2\/posts"}],"about":[{"href":"https:\/\/plazajuarez.mx\/historico\/wp-json\/wp\/v2\/types\/post"}],"author":[{"embeddable":true,"href":"https:\/\/plazajuarez.mx\/historico\/wp-json\/wp\/v2\/users\/81"}],"replies":[{"embeddable":true,"href":"https:\/\/plazajuarez.mx\/historico\/wp-json\/wp\/v2\/comments?post=231601"}],"version-history":[{"count":0,"href":"https:\/\/plazajuarez.mx\/historico\/wp-json\/wp\/v2\/posts\/231601\/revisions"}],"wp:featuredmedia":[{"embeddable":true,"href":"https:\/\/plazajuarez.mx\/historico\/wp-json\/wp\/v2\/media\/231606"}],"wp:attachment":[{"href":"https:\/\/plazajuarez.mx\/historico\/wp-json\/wp\/v2\/media?parent=231601"}],"wp:term":[{"taxonomy":"category","embeddable":true,"href":"https:\/\/plazajuarez.mx\/historico\/wp-json\/wp\/v2\/categories?post=231601"},{"taxonomy":"post_tag","embeddable":true,"href":"https:\/\/plazajuarez.mx\/historico\/wp-json\/wp\/v2\/tags?post=231601"}],"curies":[{"name":"wp","href":"https:\/\/api.w.org\/{rel}","templated":true}]}}