{"id":23160,"date":"2016-06-17T12:16:05","date_gmt":"2016-06-17T12:16:05","guid":{"rendered":"http:\/\/plazajuarez.mx\/index\/index.php\/2016\/06\/17\/mila-kunis-y-ashton-kutcher-esperan-su-segundo-hijo\/"},"modified":"2016-06-17T12:16:05","modified_gmt":"2016-06-17T12:16:05","slug":"mila-kunis-y-ashton-kutcher-esperan-su-segundo-hijo","status":"publish","type":"post","link":"https:\/\/plazajuarez.mx\/historico\/mila-kunis-y-ashton-kutcher-esperan-su-segundo-hijo\/","title":{"rendered":"Mila Kunis y Ashton Kutcher esperan su segundo hijo"},"content":{"rendered":"<p style=\"text-align: justify;\">Los actores, que se casaron en julio del a\u00f1o pasado, ya son padres de una ni\u00f1a de un a\u00f1o y medio.<\/p>\n<p>  <!--more-->  <\/p>\n<p style=\"text-align: justify;\">Mila Kunis y Ashton Kutcher est\u00e1n esperando su segundo hijo, seg\u00fan ha confirmado su representante a la revista People. La pareja de actores se cas\u00f3 el pasado mes de julio y ya tienen una ni\u00f1a de un a\u00f1o y medio, Wyatt Isabelle. Seg\u00fan la misma fuente, Kutcher, de 38 a\u00f1os, est\u00e1 muy ilusionado con la noticia: &#8220;Se ilumina cuando habla sobre su ni\u00f1a y su futuro beb\u00e9, todo lo que tenga que ver con ser padre le sale natural&#8221;. El matrimonio llevaba un tiempo buscando ampliar la familia. El octubre pasado, Kunis, de 32 a\u00f1os, comparti\u00f3 su emoci\u00f3n y su intenci\u00f3n de seguir teniendo hijos en el portal Business Insider. <br \/>Aunque la transici\u00f3n de tener solo un ni\u00f1o a la llegada del segundo puede ser un momento laborioso y duro para algunos, la futura madre se muestra muy segura: el mes pasado cont\u00f3 a Entertainment Tonight que sab\u00eda perfectamente c\u00f3mo mantener el equilibrio para ser &#8220;una gran pareja, una gran esposa y una gran mujer&#8221;.\u00a0 &#8220;Cuando decidimos tener el primer hijo, ten\u00eda claro que deb\u00edamos estar listos para no volver a ser ego\u00edstas, al menos al principio del proceso&#8221;, declar\u00f3 Kunis.<br \/>Con su primer embarazo, la int\u00e9rprete dej\u00f3 a un lado su carrera profesional para dedicarse por completo a su vida familiar y cuidar de su ni\u00f1a y su casa. Despu\u00e9s de dar a luz, declar\u00f3 que nunca ha querido ser una persona que &#8220;solo tiene el trabajo en mente&#8221;. &#8220;Estoy emocionada por dedicarme a ser madre a tiempo completo&#8221;, afirm\u00f3. Aunque su ni\u00f1a sigue siendo lo primero para ella, ha empezado a retomar algunos de sus proyectos. El m\u00e1s reciente, la comedia Bad Moms con Kristen Bell y Christina Applegate, que se estrenar\u00e1 este verano en Estados Unidos. <\/p>\n","protected":false},"excerpt":{"rendered":"<p>Los actores, que se casaron en julio del a\u00f1o pasado, ya son padres de una ni\u00f1a de un a\u00f1o y medio.<\/p>\n","protected":false},"author":93,"featured_media":0,"comment_status":"open","ping_status":"open","sticky":false,"template":"","format":"standard","meta":{"footnotes":""},"categories":[38],"tags":[],"class_list":["post-23160","post","type-post","status-publish","format-standard","hentry","category-show"],"_links":{"self":[{"href":"https:\/\/plazajuarez.mx\/historico\/wp-json\/wp\/v2\/posts\/23160","targetHints":{"allow":["GET"]}}],"collection":[{"href":"https:\/\/plazajuarez.mx\/historico\/wp-json\/wp\/v2\/posts"}],"about":[{"href":"https:\/\/plazajuarez.mx\/historico\/wp-json\/wp\/v2\/types\/post"}],"author":[{"embeddable":true,"href":"https:\/\/plazajuarez.mx\/historico\/wp-json\/wp\/v2\/users\/93"}],"replies":[{"embeddable":true,"href":"https:\/\/plazajuarez.mx\/historico\/wp-json\/wp\/v2\/comments?post=23160"}],"version-history":[{"count":0,"href":"https:\/\/plazajuarez.mx\/historico\/wp-json\/wp\/v2\/posts\/23160\/revisions"}],"wp:attachment":[{"href":"https:\/\/plazajuarez.mx\/historico\/wp-json\/wp\/v2\/media?parent=23160"}],"wp:term":[{"taxonomy":"category","embeddable":true,"href":"https:\/\/plazajuarez.mx\/historico\/wp-json\/wp\/v2\/categories?post=23160"},{"taxonomy":"post_tag","embeddable":true,"href":"https:\/\/plazajuarez.mx\/historico\/wp-json\/wp\/v2\/tags?post=23160"}],"curies":[{"name":"wp","href":"https:\/\/api.w.org\/{rel}","templated":true}]}}