{"id":231591,"date":"2022-09-27T08:53:26","date_gmt":"2022-09-27T13:53:26","guid":{"rendered":"https:\/\/plazajuarez.mx\/?p=231591"},"modified":"2022-09-27T08:53:31","modified_gmt":"2022-09-27T13:53:31","slug":"alcalde-de-san-salvador-se-sometera-a-revocacion-de-mandato","status":"publish","type":"post","link":"https:\/\/plazajuarez.mx\/historico\/alcalde-de-san-salvador-se-sometera-a-revocacion-de-mandato\/","title":{"rendered":"Alcalde de San Salvador, se someter\u00e1 a revocaci\u00f3n de mandato"},"content":{"rendered":"\n<p>San Salvador.- En el mes de diciembre, el presidente municipal de San Salvador, Armando Azpeitia D\u00edaz, llevar\u00e1 a cabo la consulta para la revocaci\u00f3n de mandato de su cargo, inform\u00f3, para lo cual pedir\u00e1 la intervenci\u00f3n del Instituto Nacional Electoral (INE).<\/p>\n\n\n\n<p>Dijo, que en caso de que el INE no acepte llevar a cabo la consulta, \u00e9l lo har\u00e1 con sus propios medios y comenzar\u00e1 ya con la promoci\u00f3n de esta actividad, en la que sostuvo, va a someterse a la voluntad popular para determinar si contin\u00faa o no en el cargo.<\/p>\n\n\n\n<p>La consulta, est\u00e1 programada para el mes de diciembre, cuando habr\u00e1 de cumplir dos a\u00f1os de gobierno o a m\u00e1s tardar en enero. En este sentido dijo, que de resultar no favorable los resultados de la consulta, estar\u00eda solicitando licencia a su cargo.<\/p>\n\n\n\n<p>El presidente emanado de Morena, inform\u00f3 en meses recientes en una comunidad, que la revocaci\u00f3n de mandato se aplicar\u00eda en el municipio, ejercicio al que ya se someti\u00f3 el Presidente de M\u00e9xico, Andr\u00e9s Manuel L\u00f3pez Obrador y que pondr\u00e1 en marcha el Gobernador, Julio Menchaca a la mitad de su gesti\u00f3n.<\/p>\n\n\n\n<p>Por ahora, no se ha expuesto sobre el mecanismo de este ejercicio y c\u00f3mo ser\u00e1 organizado. El alcalde sostuvo, que conf\u00eda en que el INE participe para que se pueda hacer realidad y&nbsp; que los ciudadanos opinen de su gobierno.<\/p>\n","protected":false},"excerpt":{"rendered":"<p>San Salvador.- En el mes de diciembre, el presidente municipal de San Salvador, Armando Azpeitia D\u00edaz, llevar\u00e1 a cabo la consulta para la revocaci\u00f3n de mandato de su cargo, inform\u00f3, para lo cual pedir\u00e1 la intervenci\u00f3n del Instituto Nacional Electoral (INE). Dijo, que en caso de que el INE no acepte llevar a cabo la [&hellip;]<\/p>\n","protected":false},"author":75,"featured_media":231592,"comment_status":"closed","ping_status":"closed","sticky":false,"template":"","format":"standard","meta":{"footnotes":""},"categories":[2159,40],"tags":[],"class_list":["post-231591","post","type-post","status-publish","format-standard","has-post-thumbnail","hentry","category-noticias-de-hidalgo","category-region"],"_links":{"self":[{"href":"https:\/\/plazajuarez.mx\/historico\/wp-json\/wp\/v2\/posts\/231591","targetHints":{"allow":["GET"]}}],"collection":[{"href":"https:\/\/plazajuarez.mx\/historico\/wp-json\/wp\/v2\/posts"}],"about":[{"href":"https:\/\/plazajuarez.mx\/historico\/wp-json\/wp\/v2\/types\/post"}],"author":[{"embeddable":true,"href":"https:\/\/plazajuarez.mx\/historico\/wp-json\/wp\/v2\/users\/75"}],"replies":[{"embeddable":true,"href":"https:\/\/plazajuarez.mx\/historico\/wp-json\/wp\/v2\/comments?post=231591"}],"version-history":[{"count":0,"href":"https:\/\/plazajuarez.mx\/historico\/wp-json\/wp\/v2\/posts\/231591\/revisions"}],"wp:featuredmedia":[{"embeddable":true,"href":"https:\/\/plazajuarez.mx\/historico\/wp-json\/wp\/v2\/media\/231592"}],"wp:attachment":[{"href":"https:\/\/plazajuarez.mx\/historico\/wp-json\/wp\/v2\/media?parent=231591"}],"wp:term":[{"taxonomy":"category","embeddable":true,"href":"https:\/\/plazajuarez.mx\/historico\/wp-json\/wp\/v2\/categories?post=231591"},{"taxonomy":"post_tag","embeddable":true,"href":"https:\/\/plazajuarez.mx\/historico\/wp-json\/wp\/v2\/tags?post=231591"}],"curies":[{"name":"wp","href":"https:\/\/api.w.org\/{rel}","templated":true}]}}