{"id":23159,"date":"2016-06-17T12:15:55","date_gmt":"2016-06-17T12:15:55","guid":{"rendered":"http:\/\/plazajuarez.mx\/index\/index.php\/2016\/06\/17\/polo-polo-anuncia-el-comienzo-de-su-gira-del-adios\/"},"modified":"2016-06-17T12:15:55","modified_gmt":"2016-06-17T12:15:55","slug":"polo-polo-anuncia-el-comienzo-de-su-gira-del-adios","status":"publish","type":"post","link":"https:\/\/plazajuarez.mx\/historico\/polo-polo-anuncia-el-comienzo-de-su-gira-del-adios\/","title":{"rendered":"Polo Polo anuncia el comienzo de su gira del adi\u00f3s"},"content":{"rendered":"<p style=\"text-align: justify;\">El comediante mexicano Polo Polo, cuyo verdadero nombre es Leopoldo Roberto Garc\u00eda Pel\u00e1ez Ben\u00edtez, indic\u00f3 que su despedida de los escenario iniciar\u00e1 en julio pr\u00f3ximo<\/p>\n<p>  <!--more-->  <\/p>\n<p style=\"text-align: justify;\">Fiel al dicho de que no hay fecha que no se cumpla, el comediante mexicano Polo Polo anunci\u00f3 que se despedir\u00e1 de los escenarios con una gira del adi\u00f3s, que comenzar\u00e1 el 2 de julio pr\u00f3ximo en la Ciudad de M\u00e9xico.<br \/>Con su caracter\u00edstico estilo mediante un video publicado en su cuenta oficial de Intagram, el c\u00f3mico de setenta y dos a\u00f1os de edad hizo una invitaci\u00f3n a sus seguidores para no perderse sus \u00faltimas presentaciones.<br \/>Polo Polo confirma su despedida de los escenarios<br \/>\u201cAmigos no me fallen en mi gira del adi\u00f3s\u2026\u201d, indic\u00f3 a trav\u00e9s de dicha red social el comediante originario de la ciudad de Le\u00f3n, Guanajuato, cuyo verdadero nombre es Leopoldo Roberto Garc\u00eda Pel\u00e1ez Ben\u00edtez.<\/p>\n","protected":false},"excerpt":{"rendered":"<p>El comediante mexicano Polo Polo, cuyo verdadero nombre es Leopoldo Roberto Garc\u00eda Pel\u00e1ez Ben\u00edtez, indic\u00f3 que su despedida de los escenario iniciar\u00e1 en julio pr\u00f3ximo<\/p>\n","protected":false},"author":93,"featured_media":0,"comment_status":"open","ping_status":"open","sticky":false,"template":"","format":"standard","meta":{"footnotes":""},"categories":[38],"tags":[],"class_list":["post-23159","post","type-post","status-publish","format-standard","hentry","category-show"],"_links":{"self":[{"href":"https:\/\/plazajuarez.mx\/historico\/wp-json\/wp\/v2\/posts\/23159","targetHints":{"allow":["GET"]}}],"collection":[{"href":"https:\/\/plazajuarez.mx\/historico\/wp-json\/wp\/v2\/posts"}],"about":[{"href":"https:\/\/plazajuarez.mx\/historico\/wp-json\/wp\/v2\/types\/post"}],"author":[{"embeddable":true,"href":"https:\/\/plazajuarez.mx\/historico\/wp-json\/wp\/v2\/users\/93"}],"replies":[{"embeddable":true,"href":"https:\/\/plazajuarez.mx\/historico\/wp-json\/wp\/v2\/comments?post=23159"}],"version-history":[{"count":0,"href":"https:\/\/plazajuarez.mx\/historico\/wp-json\/wp\/v2\/posts\/23159\/revisions"}],"wp:attachment":[{"href":"https:\/\/plazajuarez.mx\/historico\/wp-json\/wp\/v2\/media?parent=23159"}],"wp:term":[{"taxonomy":"category","embeddable":true,"href":"https:\/\/plazajuarez.mx\/historico\/wp-json\/wp\/v2\/categories?post=23159"},{"taxonomy":"post_tag","embeddable":true,"href":"https:\/\/plazajuarez.mx\/historico\/wp-json\/wp\/v2\/tags?post=23159"}],"curies":[{"name":"wp","href":"https:\/\/api.w.org\/{rel}","templated":true}]}}