{"id":231557,"date":"2022-09-27T08:34:57","date_gmt":"2022-09-27T13:34:57","guid":{"rendered":"https:\/\/plazajuarez.mx\/?p=231557"},"modified":"2022-09-27T08:35:02","modified_gmt":"2022-09-27T13:35:02","slug":"el-primero-de-octubre-inicia-la-feria-tradicional-san-francisco","status":"publish","type":"post","link":"https:\/\/plazajuarez.mx\/historico\/el-primero-de-octubre-inicia-la-feria-tradicional-san-francisco\/","title":{"rendered":"El primero de octubre inicia la\u00a0Feria Tradicional San Francisco"},"content":{"rendered":"\n<p>El presidente municipal de Pachuca, Sergio Ba\u00f1os Rubio, inform\u00f3 que el pr\u00f3ximo 1 de octubre iniciar\u00e1n las actividades correspondientes a la celebraci\u00f3n de la Feria Tradicional San Francisco, luego de dos a\u00f1os suspendida por la pandemia de COVID-19.<\/p>\n\n\n\n<p>Detall\u00f3 que el Parque Hidalgo y la Plaza Aniceto Ortega, ser\u00e1n los recintos para desarrollar el festejo; y es en \u00e9ste \u00faltimo espacio en donde se instalar\u00e1 el pabell\u00f3n artesanal, con la finalidad de apoyar al comercio local.<\/p>\n\n\n\n<p>Asimismo puntualiz\u00f3 que las actividades religiosas ser\u00e1n coordinadas por el padre Marciano Reyes, comenzar\u00e1n con las tradicionales ma\u00f1anitas, seguido de la ceremonia lit\u00fargica y un&nbsp; convivio para la poblaci\u00f3n.<\/p>\n\n\n\n<p>En tanto, en conferencia de prensa, el alcalde tambi\u00e9n aprovech\u00f3 para adelantar que el pr\u00f3ximo 6 y 7 de octubre se llevar\u00e1 a cabo el primer congreso municipal por los derechos de los ni\u00f1os, ni\u00f1as y adolescentes, en la sala de artes Maria Teresa Rodriguez, en coordinaci\u00f3n con&nbsp; la Secretar\u00eda Ejecutiva del Sistema de Protecci\u00f3n Integral de Derechos de Ni\u00f1as, Ni\u00f1os y Adolescentes&nbsp; (SIPINNA).<\/p>\n\n\n\n<p>Adem\u00e1s exhort\u00f3 a la poblaci\u00f3n a \u201cno dejarse sorprender\u201d por personas que ofrecen tr\u00e1mites de presidencia, dijo \u201cEn esta administraci\u00f3n no tenemos gestores, se aplica la mejora regulatoria en todas las \u00e1reas, no se dejen sorprender por personas que se acercan asegurando que realizan tr\u00e1mites\u201d.<\/p>\n\n\n\n<p>Indic\u00f3 que los principales tr\u00e1mites que ofrecen los supuestos gestores son referentes a obras p\u00fablicas, aval\u00faos y medio ambiente.<\/p>\n","protected":false},"excerpt":{"rendered":"<p>El presidente municipal de Pachuca, Sergio Ba\u00f1os Rubio, inform\u00f3 que el pr\u00f3ximo 1 de octubre iniciar\u00e1n las actividades correspondientes a la celebraci\u00f3n de la Feria Tradicional San Francisco, luego de dos a\u00f1os suspendida por la pandemia de COVID-19. Detall\u00f3 que el Parque Hidalgo y la Plaza Aniceto Ortega, ser\u00e1n los recintos para desarrollar el festejo; [&hellip;]<\/p>\n","protected":false},"author":73,"featured_media":231558,"comment_status":"closed","ping_status":"closed","sticky":false,"template":"","format":"standard","meta":{"footnotes":""},"categories":[59,2159],"tags":[],"class_list":["post-231557","post","type-post","status-publish","format-standard","has-post-thumbnail","hentry","category-general","category-noticias-de-hidalgo"],"_links":{"self":[{"href":"https:\/\/plazajuarez.mx\/historico\/wp-json\/wp\/v2\/posts\/231557","targetHints":{"allow":["GET"]}}],"collection":[{"href":"https:\/\/plazajuarez.mx\/historico\/wp-json\/wp\/v2\/posts"}],"about":[{"href":"https:\/\/plazajuarez.mx\/historico\/wp-json\/wp\/v2\/types\/post"}],"author":[{"embeddable":true,"href":"https:\/\/plazajuarez.mx\/historico\/wp-json\/wp\/v2\/users\/73"}],"replies":[{"embeddable":true,"href":"https:\/\/plazajuarez.mx\/historico\/wp-json\/wp\/v2\/comments?post=231557"}],"version-history":[{"count":0,"href":"https:\/\/plazajuarez.mx\/historico\/wp-json\/wp\/v2\/posts\/231557\/revisions"}],"wp:featuredmedia":[{"embeddable":true,"href":"https:\/\/plazajuarez.mx\/historico\/wp-json\/wp\/v2\/media\/231558"}],"wp:attachment":[{"href":"https:\/\/plazajuarez.mx\/historico\/wp-json\/wp\/v2\/media?parent=231557"}],"wp:term":[{"taxonomy":"category","embeddable":true,"href":"https:\/\/plazajuarez.mx\/historico\/wp-json\/wp\/v2\/categories?post=231557"},{"taxonomy":"post_tag","embeddable":true,"href":"https:\/\/plazajuarez.mx\/historico\/wp-json\/wp\/v2\/tags?post=231557"}],"curies":[{"name":"wp","href":"https:\/\/api.w.org\/{rel}","templated":true}]}}