{"id":231553,"date":"2022-09-27T08:32:35","date_gmt":"2022-09-27T13:32:35","guid":{"rendered":"https:\/\/plazajuarez.mx\/?p=231553"},"modified":"2022-09-27T08:32:44","modified_gmt":"2022-09-27T13:32:44","slug":"del-mundo-virtual-al-horror-de-la-realidad","status":"publish","type":"post","link":"https:\/\/plazajuarez.mx\/historico\/del-mundo-virtual-al-horror-de-la-realidad\/","title":{"rendered":"Del mundo virtual al horror de la realidad"},"content":{"rendered":"\n<h2 class=\"wp-block-heading\">LAGUNA DE VOCES<\/h2>\n\n\n\n<p>Hemos visto una y cien veces la escena en que uno o varios sujetos entran a un bar, a un restaurante, o en plena calle, disparan contra las personas que se cruzan en su camino, que pueden ser una profesora de primaria, unos j\u00f3venes que nadie sabe hasta ahora su grave pecado para morir ejecutados. No es diferente a muchos otros que circulan en las redes sociales, tambi\u00e9n de muchas otras ejecuciones que se repiten sin cesar a lo largo del pa\u00eds.<\/p>\n\n\n\n<p>Sin embargo se distingue por mostrar una realidad cada vez m\u00e1s cercana a los juegos de video donde matar es el principal objetivo, y en los que regularmente se hace uso de fusiles de asalto que el asesino virtual, cada vez m\u00e1s detallado en rasgos humanos, apunta contra el que se le cruza en el camino para sumar m\u00e1s y m\u00e1s puntos en un escenario que presumimos inexistente, pero que ha dado el paso rotundo para instalarse en la vida cotidiana de M\u00e9xico.<\/p>\n\n\n\n<p>Igual que el luto no resuelto cuando muere un ser querido, y que nos sume en un sopor interminable que con frecuencia se queda hasta la edad adulta, o de plano se instala para construirnos un car\u00e1cter plagado de tristeza y melancol\u00eda. Igual empieza a pasar con toda la sociedad mexicana, que mira y mira los videos en que sujetos sin rostro todav\u00eda definido (igual que los juegos de video) ingresan a un bar, disparan a diestra y siniestra, rematan con una pistola escuadra a los ca\u00eddos y se van con la alegr\u00eda de haber sumado m\u00e1s puntos en la competencia.<\/p>\n\n\n\n<p>Hemos decidido desde hace mucho cancelar la cualidad de ser humano a los que asesinan y a los que son asesinados, como si esa simple acci\u00f3n pudiera guarecernos del infierno en que se ha transformado el pa\u00eds; como si esa simple acci\u00f3n en la que nosotros s\u00ed conservamos las cualidades y caracter\u00edsticas de personas, no otorgara la garant\u00eda de nunca cruzarnos en el cap\u00edtulo de la historia en que matan a decenas en un establecimiento comercial.<\/p>\n\n\n\n<p>Al apartarlos y colgarles el estandarte de especies de un mundo que deseamos sea ajeno al nuestro, creemos dar el primer paso para dar vida a una realidad en que aparentemente solo se matan entre miembros de una sub raza humana, y que son tan iguales a los asesinos virtuales del juego del xbox, que seguramente llevan un chip incluido que les impide matar a los seres humanos reales, que por supuesto somos todos los dem\u00e1s.<\/p>\n\n\n\n<p>Todav\u00eda creemos que con invocar la consabida frase, \u201csi lo destazaron, si lo torturaron y si al final lo mataron, habr\u00e1 sido por algo\u201d. Con eso nos consolamos, porque damos por hecho que nosotros nunca hemos hecho ese \u201calgo\u201d que pudiera provocar la ira de los sicarios, de sus jefes que los mandan a cobrar venganza.<\/p>\n\n\n\n<p>Y tambi\u00e9n aceptamos que en esa guerra de la realidad alterna, todo el tiempo ganan los que matan m\u00e1s, los que hacen sufrir a otros, los que torturan, los que roban, los que extorsionan. Damos por hecho que si por alg\u00fan error de programaci\u00f3n acabamos metidos en ese mundo, todo estar\u00e1 perdido, porque el miedo nos ha convertido en c\u00f3mplices de la incapacidad para mirar siquiera, para pronunciar las palabras que denuncian, que acusan. El miedo nos ha quitado incluso la capacidad de crear a partir de la palabra.<\/p>\n\n\n\n<p>Nos negamos a entender que la brutalidad nunca va acompa\u00f1ada de entendimiento, de claridad para descubrir el valor creador de verbalizar los hechos. Creemos que se dar\u00e1n cuenta, que descubrir\u00e1n la treta, y no entendemos que el primer origen de los sicarios es la incapacidad para entender el mundo por la carencia absoluta de palabras para pronunciarlo.<\/p>\n\n\n\n<p>D\u00eda a d\u00eda, lo observamos, un mundo virtual donde asesinos id\u00e9nticos al juego de video masacran al por mayor y d\u00eda con d\u00eda pierden la definici\u00f3n de sus rostros, buscan exiliarse de nuestra propia realidad, la que hemos construido en cientos de a\u00f1os de esfuerzo para crear, a partir de la palabra, la maravilla que es el mundo y los seres humanos.<\/p>\n\n\n\n<p>Tal vez todav\u00eda haya tiempo de evitarlo.<\/p>\n\n\n\n<p>Mil gracias, hasta ma\u00f1ana.<\/p>\n\n\n\n<p><a href=\"mailto:jeperalta@plazajuarez.mx\/historico\/historico\">jeperalta@plazajuarez.mx\/historico\/historico<\/a><\/p>\n\n\n\n<p>@JavierEPeralta<\/p>\n","protected":false},"excerpt":{"rendered":"<p>LAGUNA DE VOCES Hemos visto una y cien veces la escena en que uno o varios sujetos entran a un bar, a un restaurante, o en plena calle, disparan contra las personas que se cruzan en su camino, que pueden ser una profesora de primaria, unos j\u00f3venes que nadie sabe hasta ahora su grave pecado [&hellip;]<\/p>\n","protected":false},"author":10,"featured_media":208510,"comment_status":"closed","ping_status":"closed","sticky":false,"template":"","format":"standard","meta":{"footnotes":""},"categories":[49,42],"tags":[],"class_list":["post-231553","post","type-post","status-publish","format-standard","has-post-thumbnail","hentry","category-javier-peralta","category-nuestrapalabra"],"_links":{"self":[{"href":"https:\/\/plazajuarez.mx\/historico\/wp-json\/wp\/v2\/posts\/231553","targetHints":{"allow":["GET"]}}],"collection":[{"href":"https:\/\/plazajuarez.mx\/historico\/wp-json\/wp\/v2\/posts"}],"about":[{"href":"https:\/\/plazajuarez.mx\/historico\/wp-json\/wp\/v2\/types\/post"}],"author":[{"embeddable":true,"href":"https:\/\/plazajuarez.mx\/historico\/wp-json\/wp\/v2\/users\/10"}],"replies":[{"embeddable":true,"href":"https:\/\/plazajuarez.mx\/historico\/wp-json\/wp\/v2\/comments?post=231553"}],"version-history":[{"count":0,"href":"https:\/\/plazajuarez.mx\/historico\/wp-json\/wp\/v2\/posts\/231553\/revisions"}],"wp:featuredmedia":[{"embeddable":true,"href":"https:\/\/plazajuarez.mx\/historico\/wp-json\/wp\/v2\/media\/208510"}],"wp:attachment":[{"href":"https:\/\/plazajuarez.mx\/historico\/wp-json\/wp\/v2\/media?parent=231553"}],"wp:term":[{"taxonomy":"category","embeddable":true,"href":"https:\/\/plazajuarez.mx\/historico\/wp-json\/wp\/v2\/categories?post=231553"},{"taxonomy":"post_tag","embeddable":true,"href":"https:\/\/plazajuarez.mx\/historico\/wp-json\/wp\/v2\/tags?post=231553"}],"curies":[{"name":"wp","href":"https:\/\/api.w.org\/{rel}","templated":true}]}}