{"id":231546,"date":"2022-09-27T08:29:14","date_gmt":"2022-09-27T13:29:14","guid":{"rendered":"https:\/\/plazajuarez.mx\/?p=231546"},"modified":"2022-09-27T08:29:40","modified_gmt":"2022-09-27T13:29:40","slug":"dese-por-enterado-1026","status":"publish","type":"post","link":"https:\/\/plazajuarez.mx\/historico\/dese-por-enterado-1026\/","title":{"rendered":"DESE POR ENTERADO"},"content":{"rendered":"\n<p><strong>JULIO MENCHACA, PASO A PASO<\/strong>. \u2013 Como que cada uno de los integrantes del gabinete del gobernador, <strong>Julio Menchaca Salazar<\/strong>, ya empiezan a entender que el primer paso que deben dar, es enterarse a fondo de la situaci\u00f3n que guarda cada una de las oficinas a su cargo antes de emitir juicios y condenas. Porque ya observaron que el mandatario hidalguense es de los que gustan analizar a fondo cada uno de los casos, y luego de confirmar a fondo cualquier mal manejo, emitir un pronunciamiento. Y eso lo da la madurez y el estudio. Porque resulta que se hab\u00eda hecho moda que todos, de repente, anunciaran que iban a reconstruir la dependencia a su cargo, y eso de reconstruir implicar\u00eda que encontraron todo destruido, lo que, la verdad, pues no era as\u00ed.<\/p>\n\n\n\n<figure class=\"wp-block-image size-full\"><img loading=\"lazy\" decoding=\"async\" width=\"2560\" height=\"1639\" src=\"https:\/\/plazajuarez.mx\/historico\/historico\/wp-content\/uploads\/2022\/09\/JULIO-MENCHACA-PASO-A-PASO.-\u2013-Diario-Plaza-Jua\u0301rez--scaled.jpeg\" alt=\"\" class=\"wp-image-231548\" srcset=\"https:\/\/plazajuarez.mx\/historico\/wp-content\/uploads\/2022\/09\/JULIO-MENCHACA-PASO-A-PASO.-\u2013-Diario-Plaza-Jua\u0301rez--scaled.jpeg 2560w, https:\/\/plazajuarez.mx\/historico\/wp-content\/uploads\/2022\/09\/JULIO-MENCHACA-PASO-A-PASO.-\u2013-Diario-Plaza-Jua\u0301rez--768x492.jpeg 768w, https:\/\/plazajuarez.mx\/historico\/wp-content\/uploads\/2022\/09\/JULIO-MENCHACA-PASO-A-PASO.-\u2013-Diario-Plaza-Jua\u0301rez--1536x984.jpeg 1536w, https:\/\/plazajuarez.mx\/historico\/wp-content\/uploads\/2022\/09\/JULIO-MENCHACA-PASO-A-PASO.-\u2013-Diario-Plaza-Jua\u0301rez--2048x1312.jpeg 2048w, https:\/\/plazajuarez.mx\/historico\/wp-content\/uploads\/2022\/09\/JULIO-MENCHACA-PASO-A-PASO.-\u2013-Diario-Plaza-Jua\u0301rez--179x116.jpeg 179w\" sizes=\"auto, (max-width: 2560px) 100vw, 2560px\" \/><\/figure>\n\n\n\n<p><strong>HOSPITAL INFLABLE, RECONOCER AL PERSONAL M\u00c9DICO<\/strong>. \u2013 Todos deseamos que el hospital inflable no vuelva a tener que instalarse con ese objetivo, y que su uso quede reducido \u00fanicamente a exposiciones m\u00e9dicas o cosas por el estilo. Seg\u00fan anunci\u00f3 la secretaria de Salud, <strong>Mar\u00eda Zorayda Robles Barrera<\/strong>, esta misma semana quedar\u00e1 retirado el nosocomio de emergencias. Y vaya un reconocimiento a todos y cada uno de los m\u00e9dicos, enfermeras, trabajadoras sociales, personal de limpieza, de ambulancia, a todos que realizaron un trabajo \u00fanico durante dos a\u00f1os y medio. Nada qu\u00e9 regatearles, porque fueron los primeros en estar ah\u00ed, en la l\u00ednea de combate a la pandemia m\u00e1s terrible en la memoria reciente de la humanidad. Por todo lo que hicieron, es deber agradecerles p\u00fablicamente, porque llevaron a cabo su labor sin politiquer\u00edas de ning\u00fan tipo. Todos los que trabajaron en el Hospital Inflable, son un ejemplo, una muestra de c\u00f3mo debe trabajarse por los semejantes: con amor real, sincero, sin descalificar a nadie.<\/p>\n\n\n\n<figure class=\"wp-block-image size-full\"><img loading=\"lazy\" decoding=\"async\" width=\"1280\" height=\"901\" src=\"https:\/\/plazajuarez.mx\/historico\/historico\/wp-content\/uploads\/2022\/09\/HOSPITAL-INFLABLE-RECONOCER-AL-PERSONAL-ME\u0301DICO.-\u2013-Cortesi\u0301a-.jpg\" alt=\"\" class=\"wp-image-231549\" srcset=\"https:\/\/plazajuarez.mx\/historico\/wp-content\/uploads\/2022\/09\/HOSPITAL-INFLABLE-RECONOCER-AL-PERSONAL-ME\u0301DICO.-\u2013-Cortesi\u0301a-.jpg 1280w, https:\/\/plazajuarez.mx\/historico\/wp-content\/uploads\/2022\/09\/HOSPITAL-INFLABLE-RECONOCER-AL-PERSONAL-ME\u0301DICO.-\u2013-Cortesi\u0301a--768x541.jpg 768w\" sizes=\"auto, (max-width: 1280px) 100vw, 1280px\" \/><\/figure>\n\n\n\n<p><strong>EL AUDITORIO JES\u00daS MURILLO KARAM<\/strong>. \u2013 El auditorio principal del Instituto de Ciencias Sociales y Humanidades de la UAEH, lleva el nombre del ex gobernador, <strong>Jes\u00fas Murillo Karam,<\/strong> por ser durante su administraci\u00f3n cuando nuestra M\u00e1xima Casa de Estudios, recibi\u00f3 los apoyos m\u00e1s importantes en materia econ\u00f3mica, que le permitieron convertirse en la instituci\u00f3n que ahora es. Luego de la muy cuestionable investigaci\u00f3n de la Comisi\u00f3n para el esclarecimiento del asesinato de los j\u00f3venes normalistas de Ayotzinapa, que hoy mismo registra complicaciones, y la detenci\u00f3n del ex mandatario, un grupo de estudiantes del ICSHU exigen se quite el nombre de JMK al auditorio. La presi\u00f3n ha crecido, el ex rector, <strong>Pontigo Loyola<\/strong>, dijo en su momento que apresurar juicios es de gente ociosa, y f\u00edjese usted que tuvo raz\u00f3n, porque no hay nada, absolutamente nada comprobado ni confirmado de la investigaci\u00f3n hecha por <strong>Alejandro Encinas<\/strong>. Es decir que como est\u00e1 de moda la ley villista de \u201cfusilar y luego viriguar\u201d, pues ya todos se sienten Panchos Villas.<\/p>\n\n\n\n<figure class=\"wp-block-image size-full\"><img loading=\"lazy\" decoding=\"async\" width=\"630\" height=\"388\" src=\"https:\/\/plazajuarez.mx\/historico\/historico\/wp-content\/uploads\/2022\/09\/EL-AUDITORIO-JESU\u0301S-MURILLO-KARAM.-\u2013Especial-.jpg\" alt=\"\" class=\"wp-image-231550\" srcset=\"https:\/\/plazajuarez.mx\/historico\/wp-content\/uploads\/2022\/09\/EL-AUDITORIO-JESU\u0301S-MURILLO-KARAM.-\u2013Especial-.jpg 630w, https:\/\/plazajuarez.mx\/historico\/wp-content\/uploads\/2022\/09\/EL-AUDITORIO-JESU\u0301S-MURILLO-KARAM.-\u2013Especial--702x432.jpg 702w\" sizes=\"auto, (max-width: 630px) 100vw, 630px\" \/><\/figure>\n\n\n\n<p><strong>SANTIAGO NIETO, POR LO MIENTRAS YA ACALAMBR\u00d3 A QUIEN DEB\u00cdA ACALAMBRAR<\/strong>. \u2013 Con mucho, pero con mucho cuidado, se conducen unos viejos conocidos que tienen su casa y sede en la UAEH. Porque ver como encargado de la Procuradur\u00eda a su peor pesadilla, pues como que no los deja tranquilos. As\u00ed que se conducen con pies de plomo. Por lo mientras, el ex titular de la Unidad de Inteligencia Financiera de Hacienda, ha cumplido con creces ese objetivo, y que se sepa nadie en el grupo pol\u00edtico citado, le ha dado por canta, \u201cUy, que miedo, mira c\u00f3mo estoy temblando\u201d. Nadie.<\/p>\n\n\n\n<figure class=\"wp-block-image size-full\"><img loading=\"lazy\" decoding=\"async\" width=\"1280\" height=\"853\" src=\"https:\/\/plazajuarez.mx\/historico\/historico\/wp-content\/uploads\/2022\/09\/SANTIAGO-NIETO-POR-LO-MIENTRAS-YA-ACALAMBRO\u0301-A-QUIEN-DEBI\u0301A-ACALAMBRAR.-\u2013Especial-.jpg\" alt=\"\" class=\"wp-image-231551\" srcset=\"https:\/\/plazajuarez.mx\/historico\/wp-content\/uploads\/2022\/09\/SANTIAGO-NIETO-POR-LO-MIENTRAS-YA-ACALAMBRO\u0301-A-QUIEN-DEBI\u0301A-ACALAMBRAR.-\u2013Especial-.jpg 1280w, https:\/\/plazajuarez.mx\/historico\/wp-content\/uploads\/2022\/09\/SANTIAGO-NIETO-POR-LO-MIENTRAS-YA-ACALAMBRO\u0301-A-QUIEN-DEBI\u0301A-ACALAMBRAR.-\u2013Especial--768x512.jpg 768w, https:\/\/plazajuarez.mx\/historico\/wp-content\/uploads\/2022\/09\/SANTIAGO-NIETO-POR-LO-MIENTRAS-YA-ACALAMBRO\u0301-A-QUIEN-DEBI\u0301A-ACALAMBRAR.-\u2013Especial--274x183.jpg 274w, https:\/\/plazajuarez.mx\/historico\/wp-content\/uploads\/2022\/09\/SANTIAGO-NIETO-POR-LO-MIENTRAS-YA-ACALAMBRO\u0301-A-QUIEN-DEBI\u0301A-ACALAMBRAR.-\u2013Especial--80x54.jpg 80w, https:\/\/plazajuarez.mx\/historico\/wp-content\/uploads\/2022\/09\/SANTIAGO-NIETO-POR-LO-MIENTRAS-YA-ACALAMBRO\u0301-A-QUIEN-DEBI\u0301A-ACALAMBRAR.-\u2013Especial--130x87.jpg 130w, https:\/\/plazajuarez.mx\/historico\/wp-content\/uploads\/2022\/09\/SANTIAGO-NIETO-POR-LO-MIENTRAS-YA-ACALAMBRO\u0301-A-QUIEN-DEBI\u0301A-ACALAMBRAR.-\u2013Especial--359x240.jpg 359w, https:\/\/plazajuarez.mx\/historico\/wp-content\/uploads\/2022\/09\/SANTIAGO-NIETO-POR-LO-MIENTRAS-YA-ACALAMBRO\u0301-A-QUIEN-DEBI\u0301A-ACALAMBRAR.-\u2013Especial--85x57.jpg 85w, https:\/\/plazajuarez.mx\/historico\/wp-content\/uploads\/2022\/09\/SANTIAGO-NIETO-POR-LO-MIENTRAS-YA-ACALAMBRO\u0301-A-QUIEN-DEBI\u0301A-ACALAMBRAR.-\u2013Especial--546x365.jpg 546w, https:\/\/plazajuarez.mx\/historico\/wp-content\/uploads\/2022\/09\/SANTIAGO-NIETO-POR-LO-MIENTRAS-YA-ACALAMBRO\u0301-A-QUIEN-DEBI\u0301A-ACALAMBRAR.-\u2013Especial--165x109.jpg 165w, https:\/\/plazajuarez.mx\/historico\/wp-content\/uploads\/2022\/09\/SANTIAGO-NIETO-POR-LO-MIENTRAS-YA-ACALAMBRO\u0301-A-QUIEN-DEBI\u0301A-ACALAMBRAR.-\u2013Especial--112x75.jpg 112w, https:\/\/plazajuarez.mx\/historico\/wp-content\/uploads\/2022\/09\/SANTIAGO-NIETO-POR-LO-MIENTRAS-YA-ACALAMBRO\u0301-A-QUIEN-DEBI\u0301A-ACALAMBRAR.-\u2013Especial--179x120.jpg 179w, https:\/\/plazajuarez.mx\/historico\/wp-content\/uploads\/2022\/09\/SANTIAGO-NIETO-POR-LO-MIENTRAS-YA-ACALAMBRO\u0301-A-QUIEN-DEBI\u0301A-ACALAMBRAR.-\u2013Especial--170x113.jpg 170w, https:\/\/plazajuarez.mx\/historico\/wp-content\/uploads\/2022\/09\/SANTIAGO-NIETO-POR-LO-MIENTRAS-YA-ACALAMBRO\u0301-A-QUIEN-DEBI\u0301A-ACALAMBRAR.-\u2013Especial--81x55.jpg 81w, https:\/\/plazajuarez.mx\/historico\/wp-content\/uploads\/2022\/09\/SANTIAGO-NIETO-POR-LO-MIENTRAS-YA-ACALAMBRO\u0301-A-QUIEN-DEBI\u0301A-ACALAMBRAR.-\u2013Especial--765x510.jpg 765w\" sizes=\"auto, (max-width: 1280px) 100vw, 1280px\" \/><\/figure>\n\n\n\n<p><strong>Aviso para que no digan: Esta columna se nutre de comentarios recabados por agencias del Recontra-Espionaje, muy similares a las que populariz\u00f3 el \u201cS\u00faper Agente 86\u201d en sus tiempos. Como tal lo que publicamos puede que sea cierto, puede que no, o todo lo contrario. Est\u00e1 usted en libertad de creer o no lo que lee, recontra-enojarse, recontra- carcajearse y hasta recontra-recordarnos a nuestra jefecita (nosotros recontra-haremos lo propio). Avisado est\u00e1 usted.&nbsp;<\/strong><\/p>\n\n\n\n<p><strong>desexenterado@gmail.com @desexenterado&nbsp;<\/strong><\/p>\n","protected":false},"excerpt":{"rendered":"<p>JULIO MENCHACA, PASO A PASO. \u2013 Como que cada uno de los integrantes del gabinete del gobernador, Julio Menchaca Salazar, ya empiezan a entender que el primer paso que deben dar, es enterarse a fondo de la situaci\u00f3n que guarda cada una de las oficinas a su cargo antes de emitir juicios y condenas. Porque [&hellip;]<\/p>\n","protected":false},"author":93,"featured_media":208507,"comment_status":"closed","ping_status":"closed","sticky":false,"template":"","format":"standard","meta":{"footnotes":""},"categories":[83],"tags":[],"class_list":["post-231546","post","type-post","status-publish","format-standard","has-post-thumbnail","hentry","category-dese-por-enterado"],"_links":{"self":[{"href":"https:\/\/plazajuarez.mx\/historico\/wp-json\/wp\/v2\/posts\/231546","targetHints":{"allow":["GET"]}}],"collection":[{"href":"https:\/\/plazajuarez.mx\/historico\/wp-json\/wp\/v2\/posts"}],"about":[{"href":"https:\/\/plazajuarez.mx\/historico\/wp-json\/wp\/v2\/types\/post"}],"author":[{"embeddable":true,"href":"https:\/\/plazajuarez.mx\/historico\/wp-json\/wp\/v2\/users\/93"}],"replies":[{"embeddable":true,"href":"https:\/\/plazajuarez.mx\/historico\/wp-json\/wp\/v2\/comments?post=231546"}],"version-history":[{"count":0,"href":"https:\/\/plazajuarez.mx\/historico\/wp-json\/wp\/v2\/posts\/231546\/revisions"}],"wp:featuredmedia":[{"embeddable":true,"href":"https:\/\/plazajuarez.mx\/historico\/wp-json\/wp\/v2\/media\/208507"}],"wp:attachment":[{"href":"https:\/\/plazajuarez.mx\/historico\/wp-json\/wp\/v2\/media?parent=231546"}],"wp:term":[{"taxonomy":"category","embeddable":true,"href":"https:\/\/plazajuarez.mx\/historico\/wp-json\/wp\/v2\/categories?post=231546"},{"taxonomy":"post_tag","embeddable":true,"href":"https:\/\/plazajuarez.mx\/historico\/wp-json\/wp\/v2\/tags?post=231546"}],"curies":[{"name":"wp","href":"https:\/\/api.w.org\/{rel}","templated":true}]}}