{"id":231532,"date":"2022-09-26T16:13:11","date_gmt":"2022-09-26T21:13:11","guid":{"rendered":"https:\/\/plazajuarez.mx\/?p=231532"},"modified":"2022-09-26T16:16:56","modified_gmt":"2022-09-26T21:16:56","slug":"aviar_","status":"publish","type":"post","link":"https:\/\/plazajuarez.mx\/historico\/aviar_\/","title":{"rendered":"SECRETAR\u00cdA DEL CAMPO ABRIR\u00c1 ESTE 27 DE SEPTIEMBRE ACTUALIZACI\u00d3N DE PADR\u00d3N AV\u00cdCOLA DE TULANCINGO"},"content":{"rendered":"\n<p>Oscar Gabriel Garc\u00eda Vargas, secretario del Campo de Tulancingo inform\u00f3 que, en trabajos conjuntos con el Servicio Nacional de Sanidad, Inocuidad, Calidad Agroalimentaria (SENASICA) realizar\u00e1n a partir de este 27 de septiembre la actualizaci\u00f3n del padr\u00f3n av\u00edcola del municipio.<\/p>\n\n\n\n<p>Dicha actualizaci\u00f3n se realiza a fin&nbsp; prevenir y realizar la contenci\u00f3n de brotes de Influenza Aviar de alta patogenicidad H7N3, que ya est\u00e1n presentes en los estados de Coahuila y Durango.<\/p>\n\n\n\n<p>Es importante destacar que tras la confirmaci\u00f3n de brotes de esa influenza aviar, el protocolo marca aplicar lo necesario para optimizar los recursos y avanzar hacia la erradicaci\u00f3n de esta enfermedad en el pa\u00eds.<\/p>\n\n\n\n<p>Una parte fundamental de este trabajo en equipo es, que los productores av\u00edcolas colaboren y actualicen los datos en torno a sus unidades de producci\u00f3n que est\u00e9n en operatividad y funcionamiento.<\/p>\n\n\n\n<p>Con esos datos podr\u00e1 atenderse la alerta sanitaria con m\u00e1s impacto, mitigando los riesgos de diseminaci\u00f3n del virus.<\/p>\n\n\n\n<p>Por instrucciones del presidente Jorge M\u00e1rquez Alvarado y en apoyo a SENASICA, la secretar\u00eda del Campo apoyar\u00e1 esta actualizaci\u00f3n de padr\u00f3n av\u00edcola.<\/p>\n\n\n\n<p>La atenci\u00f3n a los productores av\u00edcolas ser\u00e1 en planta baja de presidencia municipal con un horario de 8.30 a 16:00 horas, de lunes a viernes&nbsp;<\/p>\n\n\n\n<p>Por parte de la Secretar\u00eda de Desarrollo Agropecuario, tambi\u00e9n se ha habilitado una plataforma para que&nbsp; los propietarios que tienen habilidad tecnol\u00f3gica puedan hacer este tr\u00e1mite en l\u00ednea, en&nbsp; la liga&nbsp; &nbsp; https:\/\/www.gob.mx\/senasica\/documentos\/ficha-de- registro- de-unidades-de-produccion-avicola.&nbsp;<\/p>\n\n\n\n<p>En caso de que el registro sea digital, deber\u00e1 acompa\u00f1arse de un escrito de solicitud dirigido al M.V. Z.&nbsp; No\u00e9 R\u00edos Arguelles, Representante Estatal del SENASICA.<\/p>\n\n\n\n<p>Se reiter\u00f3 que la actualizaci\u00f3n de padr\u00f3n av\u00edcola se fundamenta en el art\u00edculo 58 de la Ley Federal de Sanidad Animal, y forma parte de los protocolos de emergencia para atender alerta sanitaria, cuando se registran brotes, en este caso de la Influenza Aviar,&nbsp; recordando que hasta el momento es en los estados de Coahuila y Durango sin que haya indicios hasta el momento en Hidalgo, por ello, es importante atender esta acci\u00f3n de prevenci\u00f3n.&nbsp;<\/p>\n","protected":false},"excerpt":{"rendered":"<p>Oscar Gabriel Garc\u00eda Vargas, secretario del Campo de Tulancingo inform\u00f3 que, en trabajos conjuntos con el Servicio Nacional de Sanidad, Inocuidad, Calidad Agroalimentaria (SENASICA) realizar\u00e1n a partir de este 27 de septiembre la actualizaci\u00f3n del padr\u00f3n av\u00edcola del municipio. Dicha actualizaci\u00f3n se realiza a fin&nbsp; prevenir y realizar la contenci\u00f3n de brotes de Influenza Aviar [&hellip;]<\/p>\n","protected":false},"author":93,"featured_media":231533,"comment_status":"closed","ping_status":"closed","sticky":false,"template":"","format":"standard","meta":{"footnotes":""},"categories":[15,59,2159],"tags":[],"class_list":["post-231532","post","type-post","status-publish","format-standard","has-post-thumbnail","hentry","category-destacadas","category-general","category-noticias-de-hidalgo"],"_links":{"self":[{"href":"https:\/\/plazajuarez.mx\/historico\/wp-json\/wp\/v2\/posts\/231532","targetHints":{"allow":["GET"]}}],"collection":[{"href":"https:\/\/plazajuarez.mx\/historico\/wp-json\/wp\/v2\/posts"}],"about":[{"href":"https:\/\/plazajuarez.mx\/historico\/wp-json\/wp\/v2\/types\/post"}],"author":[{"embeddable":true,"href":"https:\/\/plazajuarez.mx\/historico\/wp-json\/wp\/v2\/users\/93"}],"replies":[{"embeddable":true,"href":"https:\/\/plazajuarez.mx\/historico\/wp-json\/wp\/v2\/comments?post=231532"}],"version-history":[{"count":0,"href":"https:\/\/plazajuarez.mx\/historico\/wp-json\/wp\/v2\/posts\/231532\/revisions"}],"wp:featuredmedia":[{"embeddable":true,"href":"https:\/\/plazajuarez.mx\/historico\/wp-json\/wp\/v2\/media\/231533"}],"wp:attachment":[{"href":"https:\/\/plazajuarez.mx\/historico\/wp-json\/wp\/v2\/media?parent=231532"}],"wp:term":[{"taxonomy":"category","embeddable":true,"href":"https:\/\/plazajuarez.mx\/historico\/wp-json\/wp\/v2\/categories?post=231532"},{"taxonomy":"post_tag","embeddable":true,"href":"https:\/\/plazajuarez.mx\/historico\/wp-json\/wp\/v2\/tags?post=231532"}],"curies":[{"name":"wp","href":"https:\/\/api.w.org\/{rel}","templated":true}]}}