{"id":231526,"date":"2022-09-26T16:04:33","date_gmt":"2022-09-26T21:04:33","guid":{"rendered":"https:\/\/plazajuarez.mx\/?p=231526"},"modified":"2022-09-26T16:04:38","modified_gmt":"2022-09-26T21:04:38","slug":"andres_garcia","status":"publish","type":"post","link":"https:\/\/plazajuarez.mx\/historico\/andres_garcia\/","title":{"rendered":"Salud de Andr\u00e9s Garc\u00eda se deteriora cada vez m\u00e1s; \u00e9l no lo acepta"},"content":{"rendered":"\n<p>Desde hace ya algunas semanas la salud de Andr\u00e9s Garc\u00eda se ha convertido en un tema que mantiene preocupados a sus fans y al p\u00fablico general. En sus \u00faltimas apariciones el exgal\u00e1n de televisi\u00f3n apareci\u00f3 con un semblante deca\u00eddo y mucho m\u00e1s delgado, lo que volvi\u00f3 a encender las alarmas.<\/p>\n\n\n\n<p>Ahora, es su esposa, Margarita Portillo, quien en entrevista con EL UNIVERSAL confirma que la condici\u00f3n de Garc\u00eda se complica cada vez m\u00e1s; aunado a esto, el estado an\u00edmico del actor se ha visto afectado, pues no acepta su situaci\u00f3n.<\/p>\n\n\n\n<p>&#8220;Su salud est\u00e1 medio deteriorada, est\u00e1 d\u00e9bil eso como que no lo puede aceptar o entender, pero es debido a las condiciones que padece&#8221;, dijo.<\/p>\n\n\n\n<p>Sobre la delgadez extrema, que es lo que ha llamado la atenci\u00f3n de sus fans, explic\u00f3: &#8220;Tiene ascitis (acumulaci\u00f3n de l\u00edquido en el abdomen), tiene inflamaci\u00f3n en sus \u00f3rganos, en el est\u00f3mago, tiene debilidad, s\u00ed come pero lo que no debe, presenta diarreas intermitentes, muy complicado \u00bfno?&#8221;.<\/p>\n\n\n\n<p>Al respecto, los m\u00e9dicos le han comentado que la enfermedad del histri\u00f3n continuar\u00e1 evolucionando y que &#8220;en un hospital va a ser mejor cuidado que aqu\u00ed&#8221;; sin embargo est\u00e1 haciendo todo lo posible para que &#8220;est\u00e9 lo mejor posible y no se complique m\u00e1s&#8221;, agreg\u00f3.<\/p>\n\n\n\n<p>Portillo tambi\u00e9n detall\u00f3 que el protagonista de &#8220;Mujeres enga\u00f1adas&#8221;, en realidad toma muy pocos medicamentos, pues es muy peligroso llenarlo de medicinas ya que todo lo filtra su h\u00edgado, el cual se encuentra muy da\u00f1ado por la cirrosis.<\/p>\n\n\n\n<p>Toda esta situaci\u00f3n hace muy complicado el d\u00eda a d\u00eda de Andr\u00e9s y le ha provocado estados de \u00e1nimo que van desde la desesperaci\u00f3n, el enojo y hasta ha llegado a deprimirse<\/p>\n\n\n\n<p>Pese a todo, la familia no ha pensado en llevar ning\u00fan otro tipo de tratamiento alterno: &#8220;toma poco medicamento, lo que se puede hacer y ya&#8221;.<\/p>\n\n\n\n<p>Al preguntarle si sus familiares, incluyendo sus hijos han estado en contacto con la estrella nacida en Rep\u00fablica Dominicana su esposa respondi\u00f3 lo siguiente:<\/p>\n\n\n\n<p>&#8220;Su hermana (Rosa Mar\u00eda Garc\u00eda) y mi hijo por supuesto (Andr\u00e9s L\u00f3pez Portillo), Andrecito su hijo est\u00e1 teniendo un contacto m\u00e1s regular conmigo, hoy se comunic\u00f3 por las noticias&#8221;, finaliz\u00f3.<\/p>\n","protected":false},"excerpt":{"rendered":"<p>Desde hace ya algunas semanas la salud de Andr\u00e9s Garc\u00eda se ha convertido en un tema que mantiene preocupados a sus fans y al p\u00fablico general. En sus \u00faltimas apariciones el exgal\u00e1n de televisi\u00f3n apareci\u00f3 con un semblante deca\u00eddo y mucho m\u00e1s delgado, lo que volvi\u00f3 a encender las alarmas. Ahora, es su esposa, Margarita [&hellip;]<\/p>\n","protected":false},"author":81,"featured_media":231527,"comment_status":"closed","ping_status":"closed","sticky":false,"template":"","format":"standard","meta":{"footnotes":""},"categories":[15,38],"tags":[],"class_list":["post-231526","post","type-post","status-publish","format-standard","has-post-thumbnail","hentry","category-destacadas","category-show"],"_links":{"self":[{"href":"https:\/\/plazajuarez.mx\/historico\/wp-json\/wp\/v2\/posts\/231526","targetHints":{"allow":["GET"]}}],"collection":[{"href":"https:\/\/plazajuarez.mx\/historico\/wp-json\/wp\/v2\/posts"}],"about":[{"href":"https:\/\/plazajuarez.mx\/historico\/wp-json\/wp\/v2\/types\/post"}],"author":[{"embeddable":true,"href":"https:\/\/plazajuarez.mx\/historico\/wp-json\/wp\/v2\/users\/81"}],"replies":[{"embeddable":true,"href":"https:\/\/plazajuarez.mx\/historico\/wp-json\/wp\/v2\/comments?post=231526"}],"version-history":[{"count":0,"href":"https:\/\/plazajuarez.mx\/historico\/wp-json\/wp\/v2\/posts\/231526\/revisions"}],"wp:featuredmedia":[{"embeddable":true,"href":"https:\/\/plazajuarez.mx\/historico\/wp-json\/wp\/v2\/media\/231527"}],"wp:attachment":[{"href":"https:\/\/plazajuarez.mx\/historico\/wp-json\/wp\/v2\/media?parent=231526"}],"wp:term":[{"taxonomy":"category","embeddable":true,"href":"https:\/\/plazajuarez.mx\/historico\/wp-json\/wp\/v2\/categories?post=231526"},{"taxonomy":"post_tag","embeddable":true,"href":"https:\/\/plazajuarez.mx\/historico\/wp-json\/wp\/v2\/tags?post=231526"}],"curies":[{"name":"wp","href":"https:\/\/api.w.org\/{rel}","templated":true}]}}