{"id":231523,"date":"2022-09-26T15:20:39","date_gmt":"2022-09-26T20:20:39","guid":{"rendered":"https:\/\/plazajuarez.mx\/?p=231523"},"modified":"2022-09-26T15:20:44","modified_gmt":"2022-09-26T20:20:44","slug":"yucatan_cubrebocas","status":"publish","type":"post","link":"https:\/\/plazajuarez.mx\/historico\/yucatan_cubrebocas\/","title":{"rendered":"Yucat\u00e1n le dice adi\u00f3s al uso obligatorio de cubrebocas"},"content":{"rendered":"\n<p> Por disposici\u00f3n de la Secretar\u00eda de Salud, a partir de este lunes ya no es oficial y obligatorio el uso del cubrebocas, excepto en hospitales, cl\u00ednicas y transporte p\u00fablico; pese a la liberaci\u00f3n de esta medida que se adopt\u00f3 por la pandemia del Covid-19, la mayor\u00eda de la gente se mantuvo usando mascarilla, incluso en oficinas p\u00fablicas y comercios.<\/p>\n\n\n\n<p>Asimismo, comerciantes de la zona de Chetumalito del Mercado Lucas de G\u00e1lvez del Centro de M\u00e9rida, informaron que comenzaron a registrar p\u00e9rdidas de alrededor del 70 por ciento en sus ventas a tres d\u00edas del anuncio de la Secretar\u00eda de Salud para suspender la obligaci\u00f3n de portaci\u00f3n de cubrebocas en toda la entidad yucateca.<\/p>\n\n\n\n<p>&#8220;Hemos invertido bastante ahorita y que nos avisen de un d\u00eda para otro est\u00e1 ca\u00f1\u00f3n, nosotros le invertimos 15 mil pesos y no sabemos qu\u00e9 va a pasar, imag\u00ednate que se nos quede esta inversi\u00f3n y para que lo recupere, quien sabe para cu\u00e1ndo&#8221;, dijo Yancarlo Maldonado, comerciante desde hace m\u00e1s de 10 a\u00f1os.<\/p>\n\n\n\n<p>Asimismo, explicaron que no recibieron alguna notificaci\u00f3n previa y que prev\u00e9n que las bajas en sus ventas contin\u00faen hasta tener que rematar sus productos.<\/p>\n\n\n\n<p>Al parecer el retiro del cubrebocas tambi\u00e9n afectar\u00e1 a los artesanos que en los \u00faltimos dos a\u00f1os elaboraron este tipo de prendas con bordados t\u00edpicos de Yucat\u00e1n.<\/p>\n\n\n\n<p>El anuncio del sector salud indica que no ser\u00e1 obligatorio portarlo a partir de este lunes 26 de septiembre, pero en un recorrido se constat\u00f3 que la mayor\u00eda de los yucatecos al menos hoy, continuaron usando para sus actividades cotidianas en supermercados, tiendas, gasolineras, entre otros.<\/p>\n","protected":false},"excerpt":{"rendered":"<p>Por disposici\u00f3n de la Secretar\u00eda de Salud, a partir de este lunes ya no es oficial y obligatorio el uso del cubrebocas, excepto en hospitales, cl\u00ednicas y transporte p\u00fablico; pese a la liberaci\u00f3n de esta medida que se adopt\u00f3 por la pandemia del Covid-19, la mayor\u00eda de la gente se mantuvo usando mascarilla, incluso en [&hellip;]<\/p>\n","protected":false},"author":81,"featured_media":231524,"comment_status":"closed","ping_status":"closed","sticky":false,"template":"","format":"standard","meta":{"footnotes":""},"categories":[38],"tags":[],"class_list":["post-231523","post","type-post","status-publish","format-standard","has-post-thumbnail","hentry","category-show"],"_links":{"self":[{"href":"https:\/\/plazajuarez.mx\/historico\/wp-json\/wp\/v2\/posts\/231523","targetHints":{"allow":["GET"]}}],"collection":[{"href":"https:\/\/plazajuarez.mx\/historico\/wp-json\/wp\/v2\/posts"}],"about":[{"href":"https:\/\/plazajuarez.mx\/historico\/wp-json\/wp\/v2\/types\/post"}],"author":[{"embeddable":true,"href":"https:\/\/plazajuarez.mx\/historico\/wp-json\/wp\/v2\/users\/81"}],"replies":[{"embeddable":true,"href":"https:\/\/plazajuarez.mx\/historico\/wp-json\/wp\/v2\/comments?post=231523"}],"version-history":[{"count":0,"href":"https:\/\/plazajuarez.mx\/historico\/wp-json\/wp\/v2\/posts\/231523\/revisions"}],"wp:featuredmedia":[{"embeddable":true,"href":"https:\/\/plazajuarez.mx\/historico\/wp-json\/wp\/v2\/media\/231524"}],"wp:attachment":[{"href":"https:\/\/plazajuarez.mx\/historico\/wp-json\/wp\/v2\/media?parent=231523"}],"wp:term":[{"taxonomy":"category","embeddable":true,"href":"https:\/\/plazajuarez.mx\/historico\/wp-json\/wp\/v2\/categories?post=231523"},{"taxonomy":"post_tag","embeddable":true,"href":"https:\/\/plazajuarez.mx\/historico\/wp-json\/wp\/v2\/tags?post=231523"}],"curies":[{"name":"wp","href":"https:\/\/api.w.org\/{rel}","templated":true}]}}