{"id":231499,"date":"2022-09-26T12:35:33","date_gmt":"2022-09-26T17:35:33","guid":{"rendered":"https:\/\/plazajuarez.mx\/?p=231499"},"modified":"2022-09-26T12:35:39","modified_gmt":"2022-09-26T17:35:39","slug":"esperan-en-comisiones-retomar-la-eliminacion-del-horario-de-verano","status":"publish","type":"post","link":"https:\/\/plazajuarez.mx\/historico\/esperan-en-comisiones-retomar-la-eliminacion-del-horario-de-verano\/","title":{"rendered":"Esperan en Comisiones retomar la eliminaci\u00f3n del Horario de Verano"},"content":{"rendered":"\n<p>Luego de que en d\u00edas pasados se pospuso, otra vez, la dictaminaci\u00f3n de la iniciativa para derogar el horario de verano en M\u00e9xico, este lunes se espera que los diputados integrantes de la Comisi\u00f3n de Energ\u00eda vuelvan a reunirse para discutir el tema.<br><br>Se prev\u00e9 que los legisladores integrantes de esta Comisi\u00f3n se re\u00fanan la tarde de este lunes en San L\u00e1zaro para avanzar y ahora s\u00ed debatir la eliminaci\u00f3n del horario de verano el mi\u00e9rcoles en el Pleno.<br><br>Manuel Rodr\u00edguez Gonz\u00e1lez, diputado de Morena y presidente de la Comisi\u00f3n de Energ\u00eda, refiri\u00f3 que el aplazamiento de la discusi\u00f3n fue para dar oportunidad &#8220;a algunas aportaciones que se est\u00e1n proponiendo, de algunos grupos parlamentarios; se puedan incluir, siempre y cuando podamos cumplir con la parte adecuada de t\u00e9cnica legislativa y respetar el esp\u00edritu del marco jur\u00eddico que regula nuestro pa\u00eds para efectos de tener un consenso total en este tema&#8221;.<br><br>El pasado 21 de septiembre se pospuso la dictaminaci\u00f3n de la iniciativa para eliminar el horario de verano, cuando la sesi\u00f3n de la Comisi\u00f3n de Energ\u00eda estaba programada a las 11:00 horas pero se emiti\u00f3 una circular para realizarla hasta este lunes 26 de septiembre.<br><br>Fuentes de la Comisi\u00f3n informaron a EL UNIVERSAL que los integrantes no han logrado ponerse de acuerdo en la titularidad de la propuesta, pues mientras que Morena quiere aprobar la del presidente Andr\u00e9s Manuel L\u00f3pez Obrador, las bancadas del PRD y PT denunciaron que ellos interpusieron iniciativas en la materia desde la legislatura pasada.<\/p>\n","protected":false},"excerpt":{"rendered":"<p>Luego de que en d\u00edas pasados se pospuso, otra vez, la dictaminaci\u00f3n de la iniciativa para derogar el horario de verano en M\u00e9xico, este lunes se espera que los diputados integrantes de la Comisi\u00f3n de Energ\u00eda vuelvan a reunirse para discutir el tema. Se prev\u00e9 que los legisladores integrantes de esta Comisi\u00f3n se re\u00fanan la [&hellip;]<\/p>\n","protected":false},"author":81,"featured_media":231501,"comment_status":"closed","ping_status":"closed","sticky":false,"template":"","format":"standard","meta":{"footnotes":""},"categories":[15,36],"tags":[],"class_list":["post-231499","post","type-post","status-publish","format-standard","has-post-thumbnail","hentry","category-destacadas","category-nacion"],"_links":{"self":[{"href":"https:\/\/plazajuarez.mx\/historico\/wp-json\/wp\/v2\/posts\/231499","targetHints":{"allow":["GET"]}}],"collection":[{"href":"https:\/\/plazajuarez.mx\/historico\/wp-json\/wp\/v2\/posts"}],"about":[{"href":"https:\/\/plazajuarez.mx\/historico\/wp-json\/wp\/v2\/types\/post"}],"author":[{"embeddable":true,"href":"https:\/\/plazajuarez.mx\/historico\/wp-json\/wp\/v2\/users\/81"}],"replies":[{"embeddable":true,"href":"https:\/\/plazajuarez.mx\/historico\/wp-json\/wp\/v2\/comments?post=231499"}],"version-history":[{"count":0,"href":"https:\/\/plazajuarez.mx\/historico\/wp-json\/wp\/v2\/posts\/231499\/revisions"}],"wp:featuredmedia":[{"embeddable":true,"href":"https:\/\/plazajuarez.mx\/historico\/wp-json\/wp\/v2\/media\/231501"}],"wp:attachment":[{"href":"https:\/\/plazajuarez.mx\/historico\/wp-json\/wp\/v2\/media?parent=231499"}],"wp:term":[{"taxonomy":"category","embeddable":true,"href":"https:\/\/plazajuarez.mx\/historico\/wp-json\/wp\/v2\/categories?post=231499"},{"taxonomy":"post_tag","embeddable":true,"href":"https:\/\/plazajuarez.mx\/historico\/wp-json\/wp\/v2\/tags?post=231499"}],"curies":[{"name":"wp","href":"https:\/\/api.w.org\/{rel}","templated":true}]}}