{"id":231487,"date":"2022-09-26T10:44:02","date_gmt":"2022-09-26T15:44:02","guid":{"rendered":"https:\/\/plazajuarez.mx\/?p=231487"},"modified":"2022-09-26T10:44:19","modified_gmt":"2022-09-26T15:44:19","slug":"eleccion-en-tamaulipas-se-anulara-por-arreglo-con-jueces-verastegui","status":"publish","type":"post","link":"https:\/\/plazajuarez.mx\/historico\/eleccion-en-tamaulipas-se-anulara-por-arreglo-con-jueces-verastegui\/","title":{"rendered":"Elecci\u00f3n en Tamaulipas se anular\u00e1 por arreglo con jueces: Ver\u00e1stegui"},"content":{"rendered":"\n<p>C\u00e9sar Ver\u00e1stegui Aranda, hijo de &#8220;El Truko&#8221; Ver\u00e1stegui presumi\u00f3, este s\u00e1bado, ante un grupo de panistas que la elecci\u00f3n en Tamaulipas ser\u00e1 anulada porque ya &#8220;se arregl\u00f3&#8221; a los Magistrados del Tribunal Electoral.<\/p>\n\n\n\n<p>&#8220;Me consta, he estado cerca de ese procedimiento&#8221;, dijo Ver\u00e1stegui Aranda.<\/p>\n\n\n\n<p>En redes sociales circula un video del hijo del candidato panista a la gubernatura y tambi\u00e9n se divulgaron im\u00e1genes de la reuni\u00f3n, en donde afirma que el mi\u00e9rcoles de esta semana ya &#8220;con un elemento fuera causante de esto, se anular\u00e1 la elecci\u00f3n y se convocar\u00e1 a nuevas elecciones&#8221;.<\/p>\n\n\n\n<p>&#8220;Lo digo por conocimiento de causa, la verdad, y porque he estado presente y cr\u00e9anme que hay muchas posibilidades de que se caiga la elecci\u00f3n y que podamos volver a trabajar juntos en varios meses con nuestro mismo candidato, con nuestro mismo equipo, y si Dios quiere ah\u00ed nos vamos a ver, si Dios quiere ah\u00ed nos vamos a ver&#8221;, agreg\u00f3 en su mensaje a los panistas.<\/p>\n","protected":false},"excerpt":{"rendered":"<p>C\u00e9sar Ver\u00e1stegui Aranda, hijo de &#8220;El Truko&#8221; Ver\u00e1stegui presumi\u00f3, este s\u00e1bado, ante un grupo de panistas que la elecci\u00f3n en Tamaulipas ser\u00e1 anulada porque ya &#8220;se arregl\u00f3&#8221; a los Magistrados del Tribunal Electoral. &#8220;Me consta, he estado cerca de ese procedimiento&#8221;, dijo Ver\u00e1stegui Aranda. En redes sociales circula un video del hijo del candidato panista [&hellip;]<\/p>\n","protected":false},"author":81,"featured_media":231490,"comment_status":"closed","ping_status":"closed","sticky":false,"template":"","format":"standard","meta":{"footnotes":""},"categories":[36],"tags":[],"class_list":["post-231487","post","type-post","status-publish","format-standard","has-post-thumbnail","hentry","category-nacion"],"_links":{"self":[{"href":"https:\/\/plazajuarez.mx\/historico\/wp-json\/wp\/v2\/posts\/231487","targetHints":{"allow":["GET"]}}],"collection":[{"href":"https:\/\/plazajuarez.mx\/historico\/wp-json\/wp\/v2\/posts"}],"about":[{"href":"https:\/\/plazajuarez.mx\/historico\/wp-json\/wp\/v2\/types\/post"}],"author":[{"embeddable":true,"href":"https:\/\/plazajuarez.mx\/historico\/wp-json\/wp\/v2\/users\/81"}],"replies":[{"embeddable":true,"href":"https:\/\/plazajuarez.mx\/historico\/wp-json\/wp\/v2\/comments?post=231487"}],"version-history":[{"count":0,"href":"https:\/\/plazajuarez.mx\/historico\/wp-json\/wp\/v2\/posts\/231487\/revisions"}],"wp:featuredmedia":[{"embeddable":true,"href":"https:\/\/plazajuarez.mx\/historico\/wp-json\/wp\/v2\/media\/231490"}],"wp:attachment":[{"href":"https:\/\/plazajuarez.mx\/historico\/wp-json\/wp\/v2\/media?parent=231487"}],"wp:term":[{"taxonomy":"category","embeddable":true,"href":"https:\/\/plazajuarez.mx\/historico\/wp-json\/wp\/v2\/categories?post=231487"},{"taxonomy":"post_tag","embeddable":true,"href":"https:\/\/plazajuarez.mx\/historico\/wp-json\/wp\/v2\/tags?post=231487"}],"curies":[{"name":"wp","href":"https:\/\/api.w.org\/{rel}","templated":true}]}}