{"id":231486,"date":"2022-09-26T10:43:37","date_gmt":"2022-09-26T15:43:37","guid":{"rendered":"https:\/\/plazajuarez.mx\/?p=231486"},"modified":"2022-09-26T10:44:32","modified_gmt":"2022-09-26T15:44:32","slug":"amlo-pretende-militarizar-con-una-consulta-espuria","status":"publish","type":"post","link":"https:\/\/plazajuarez.mx\/historico\/amlo-pretende-militarizar-con-una-consulta-espuria\/","title":{"rendered":"AMLO pretende militarizar con una &#8220;consulta espuria&#8221;"},"content":{"rendered":"\n<p>Al puntualizar que la Constituci\u00f3n es clara al no permitir realizar consultas p\u00fablicas en materia de seguridad nacional, seguridad interior o respecto a las Fuerzas Armadas, el diputado federal del PAN, Jorge Triana Tena advirti\u00f3 que el anuncio del presidente Andr\u00e9s Manuel L\u00f3pez Obrador, para realizar una consulta en la materia, &#8220;es ilegal y espuria&#8221;.<\/p>\n\n\n\n<p>A trav\u00e9s de un comunicado, el legislador federal advirti\u00f3 que hacerlo no sirve de nada, &#8220;pues no tendr\u00e1 ning\u00fan efecto vinculatorio&#8221;.<\/p>\n\n\n\n<p><strong>\u201cVOTAR EN CONTRA ES DEJAR QUE CREZCA DELINCUENCIA\u201d<\/strong><\/p>\n\n\n\n<p>El coordinador del Grupo Parlamentario de Morena en San L\u00e1zaro, Ignacio Mier Velazco, afirm\u00f3 que los senadores de la Rep\u00fablica, principalmente los de oposici\u00f3n, &#8220;tienen una nueva oportunidad de convencerse y decidir su voto a favor de la minuta por la que se ampliar\u00e1 el tiempo de profesionalizaci\u00f3n de la Guardia Nacional en tareas de seguridad&#8221;.<\/p>\n\n\n\n<p><strong>SENADO NO ACEPTA INTROMISI\u00d3N DE DIPUTADOS<\/strong><\/p>\n\n\n\n<p>El presidente de la Junta de Coordinaci\u00f3n Pol\u00edtica y l\u00edder de la bancada de Morena en el Senado, Ricardo Monreal, calific\u00f3 como una desmesura y un exceso acusar al presidente Andr\u00e9s Manuel L\u00f3pez Obrador de intromisi\u00f3n en el poder legislativo.<\/p>\n\n\n\n<p>Esto luego de que el presidente de la C\u00e1mara de Diputados, Santiago Creel, emitiera un mensaje donde pidi\u00f3 a L\u00f3pez Obrador respetar la Constituci\u00f3n y no intervenir en la divisi\u00f3n de poderes.<\/p>\n","protected":false},"excerpt":{"rendered":"<p>Al puntualizar que la Constituci\u00f3n es clara al no permitir realizar consultas p\u00fablicas en materia de seguridad nacional, seguridad interior o respecto a las Fuerzas Armadas, el diputado federal del PAN, Jorge Triana Tena advirti\u00f3 que el anuncio del presidente Andr\u00e9s Manuel L\u00f3pez Obrador, para realizar una consulta en la materia, &#8220;es ilegal y espuria&#8221;. [&hellip;]<\/p>\n","protected":false},"author":81,"featured_media":231488,"comment_status":"closed","ping_status":"closed","sticky":false,"template":"","format":"standard","meta":{"footnotes":""},"categories":[36,2160],"tags":[],"class_list":["post-231486","post","type-post","status-publish","format-standard","has-post-thumbnail","hentry","category-nacion","category-noticias-de-la-ciudad-de-mexico"],"_links":{"self":[{"href":"https:\/\/plazajuarez.mx\/historico\/wp-json\/wp\/v2\/posts\/231486","targetHints":{"allow":["GET"]}}],"collection":[{"href":"https:\/\/plazajuarez.mx\/historico\/wp-json\/wp\/v2\/posts"}],"about":[{"href":"https:\/\/plazajuarez.mx\/historico\/wp-json\/wp\/v2\/types\/post"}],"author":[{"embeddable":true,"href":"https:\/\/plazajuarez.mx\/historico\/wp-json\/wp\/v2\/users\/81"}],"replies":[{"embeddable":true,"href":"https:\/\/plazajuarez.mx\/historico\/wp-json\/wp\/v2\/comments?post=231486"}],"version-history":[{"count":0,"href":"https:\/\/plazajuarez.mx\/historico\/wp-json\/wp\/v2\/posts\/231486\/revisions"}],"wp:featuredmedia":[{"embeddable":true,"href":"https:\/\/plazajuarez.mx\/historico\/wp-json\/wp\/v2\/media\/231488"}],"wp:attachment":[{"href":"https:\/\/plazajuarez.mx\/historico\/wp-json\/wp\/v2\/media?parent=231486"}],"wp:term":[{"taxonomy":"category","embeddable":true,"href":"https:\/\/plazajuarez.mx\/historico\/wp-json\/wp\/v2\/categories?post=231486"},{"taxonomy":"post_tag","embeddable":true,"href":"https:\/\/plazajuarez.mx\/historico\/wp-json\/wp\/v2\/tags?post=231486"}],"curies":[{"name":"wp","href":"https:\/\/api.w.org\/{rel}","templated":true}]}}