{"id":231471,"date":"2022-09-26T10:33:20","date_gmt":"2022-09-26T15:33:20","guid":{"rendered":"https:\/\/plazajuarez.mx\/?p=231471"},"modified":"2022-09-26T10:37:23","modified_gmt":"2022-09-26T15:37:23","slug":"la-voz-de-darth-vader-sera-inmortal","status":"publish","type":"post","link":"https:\/\/plazajuarez.mx\/historico\/la-voz-de-darth-vader-sera-inmortal\/","title":{"rendered":"\u00a1La voz de Darth Vader ser\u00e1 inmortal!"},"content":{"rendered":"\n<p>James Earl Jones prest\u00f3 su voz y respiraci\u00f3n a Darth Vader, el se\u00f1or oscuro de los Sith en &#8220;Star Wars&#8221;, por 45 a\u00f1os; sin embargo, lleg\u00f3 el momento de decir adi\u00f3s, pues el actor de 91 a\u00f1os tom\u00f3 la decisi\u00f3n de retirarse de la actuaci\u00f3n.&nbsp;<\/p>\n\n\n\n<p>De acuerdo con la revista estadounidense \u201cVanity Fair\u201d, el actor lleg\u00f3 a un acuerdo con Respeecher recree, una compa\u00f1\u00eda ucraniana especializada en clonar voces, para que esta digitalice la voz del actor para sus futuras apariciones en las producciones relacionadas con &#8220;Star Wars&#8221;.<\/p>\n","protected":false},"excerpt":{"rendered":"<p>James Earl Jones prest\u00f3 su voz y respiraci\u00f3n a Darth Vader, el se\u00f1or oscuro de los Sith en &#8220;Star Wars&#8221;, por 45 a\u00f1os; sin embargo, lleg\u00f3 el momento de decir adi\u00f3s, pues el actor de 91 a\u00f1os tom\u00f3 la decisi\u00f3n de retirarse de la actuaci\u00f3n.&nbsp; De acuerdo con la revista estadounidense \u201cVanity Fair\u201d, el actor [&hellip;]<\/p>\n","protected":false},"author":81,"featured_media":231474,"comment_status":"closed","ping_status":"closed","sticky":false,"template":"","format":"standard","meta":{"footnotes":""},"categories":[38],"tags":[],"class_list":["post-231471","post","type-post","status-publish","format-standard","has-post-thumbnail","hentry","category-show"],"_links":{"self":[{"href":"https:\/\/plazajuarez.mx\/historico\/wp-json\/wp\/v2\/posts\/231471","targetHints":{"allow":["GET"]}}],"collection":[{"href":"https:\/\/plazajuarez.mx\/historico\/wp-json\/wp\/v2\/posts"}],"about":[{"href":"https:\/\/plazajuarez.mx\/historico\/wp-json\/wp\/v2\/types\/post"}],"author":[{"embeddable":true,"href":"https:\/\/plazajuarez.mx\/historico\/wp-json\/wp\/v2\/users\/81"}],"replies":[{"embeddable":true,"href":"https:\/\/plazajuarez.mx\/historico\/wp-json\/wp\/v2\/comments?post=231471"}],"version-history":[{"count":0,"href":"https:\/\/plazajuarez.mx\/historico\/wp-json\/wp\/v2\/posts\/231471\/revisions"}],"wp:featuredmedia":[{"embeddable":true,"href":"https:\/\/plazajuarez.mx\/historico\/wp-json\/wp\/v2\/media\/231474"}],"wp:attachment":[{"href":"https:\/\/plazajuarez.mx\/historico\/wp-json\/wp\/v2\/media?parent=231471"}],"wp:term":[{"taxonomy":"category","embeddable":true,"href":"https:\/\/plazajuarez.mx\/historico\/wp-json\/wp\/v2\/categories?post=231471"},{"taxonomy":"post_tag","embeddable":true,"href":"https:\/\/plazajuarez.mx\/historico\/wp-json\/wp\/v2\/tags?post=231471"}],"curies":[{"name":"wp","href":"https:\/\/api.w.org\/{rel}","templated":true}]}}