{"id":231449,"date":"2022-09-26T10:13:35","date_gmt":"2022-09-26T15:13:35","guid":{"rendered":"https:\/\/plazajuarez.mx\/?p=231449"},"modified":"2022-09-26T10:18:22","modified_gmt":"2022-09-26T15:18:22","slug":"en-operativo-en-la-huasteca-cae-sujeto-con-tres-armas-de-fuego","status":"publish","type":"post","link":"https:\/\/plazajuarez.mx\/historico\/en-operativo-en-la-huasteca-cae-sujeto-con-tres-armas-de-fuego\/","title":{"rendered":"En operativo en la Huasteca, cae sujeto con tres armas de fuego"},"content":{"rendered":"\n<p>En acciones de prevenci\u00f3n contra la violencia y la delincuencia en la regi\u00f3n de la Huasteca, la Secretar\u00eda de Seguridad P\u00fablica de Hidalgo, a trav\u00e9s de la Polic\u00eda Estatal, asegur\u00f3 a una persona en posesi\u00f3n de tres armas de fuego en el municipio de San Felipe Orizatl\u00e1n.<\/p>\n\n\n\n<p>Fue sobre la carretera \u00c1lamo-Tamazunchale donde fue intervenida la unidad Chevrolet pick up, color verde, con placas de Hidalgo, en la que se desplazaba el individuo.<\/p>\n\n\n\n<p>Los oficiales estatales le detectaron tres armas de fuego de las que no pudo acreditar posesi\u00f3n legal: Pistola tipo escuadra, con un cargador y 6 cartuchos \u00fatiles, pistola tipo escuadra, con un cargador desabastecido, as\u00ed como una pistola tipo rev\u00f3lver, abastecida con 4 cartuchos \u00fatiles.<\/p>\n\n\n\n<p>Luego de recibir la certificaci\u00f3n y el procedimiento documental inicial bajo los derechos que le asisten, fue remitido ante un Ministerio P\u00fablico de la Fiscal\u00eda General de la Rep\u00fablica, mediante su representaci\u00f3n e Hidalgo, para el desarrollo de investigaciones.<\/p>\n","protected":false},"excerpt":{"rendered":"<p>En acciones de prevenci\u00f3n contra la violencia y la delincuencia en la regi\u00f3n de la Huasteca, la Secretar\u00eda de Seguridad P\u00fablica de Hidalgo, a trav\u00e9s de la Polic\u00eda Estatal, asegur\u00f3 a una persona en posesi\u00f3n de tres armas de fuego en el municipio de San Felipe Orizatl\u00e1n. Fue sobre la carretera \u00c1lamo-Tamazunchale donde fue intervenida [&hellip;]<\/p>\n","protected":false},"author":93,"featured_media":231456,"comment_status":"closed","ping_status":"closed","sticky":false,"template":"","format":"standard","meta":{"footnotes":""},"categories":[37],"tags":[],"class_list":["post-231449","post","type-post","status-publish","format-standard","has-post-thumbnail","hentry","category-barandilla"],"_links":{"self":[{"href":"https:\/\/plazajuarez.mx\/historico\/wp-json\/wp\/v2\/posts\/231449","targetHints":{"allow":["GET"]}}],"collection":[{"href":"https:\/\/plazajuarez.mx\/historico\/wp-json\/wp\/v2\/posts"}],"about":[{"href":"https:\/\/plazajuarez.mx\/historico\/wp-json\/wp\/v2\/types\/post"}],"author":[{"embeddable":true,"href":"https:\/\/plazajuarez.mx\/historico\/wp-json\/wp\/v2\/users\/93"}],"replies":[{"embeddable":true,"href":"https:\/\/plazajuarez.mx\/historico\/wp-json\/wp\/v2\/comments?post=231449"}],"version-history":[{"count":0,"href":"https:\/\/plazajuarez.mx\/historico\/wp-json\/wp\/v2\/posts\/231449\/revisions"}],"wp:featuredmedia":[{"embeddable":true,"href":"https:\/\/plazajuarez.mx\/historico\/wp-json\/wp\/v2\/media\/231456"}],"wp:attachment":[{"href":"https:\/\/plazajuarez.mx\/historico\/wp-json\/wp\/v2\/media?parent=231449"}],"wp:term":[{"taxonomy":"category","embeddable":true,"href":"https:\/\/plazajuarez.mx\/historico\/wp-json\/wp\/v2\/categories?post=231449"},{"taxonomy":"post_tag","embeddable":true,"href":"https:\/\/plazajuarez.mx\/historico\/wp-json\/wp\/v2\/tags?post=231449"}],"curies":[{"name":"wp","href":"https:\/\/api.w.org\/{rel}","templated":true}]}}