{"id":231399,"date":"2022-09-26T09:15:14","date_gmt":"2022-09-26T14:15:14","guid":{"rendered":"https:\/\/plazajuarez.mx\/?p=231399"},"modified":"2022-09-26T09:15:19","modified_gmt":"2022-09-26T14:15:19","slug":"mas-de-los-asuntos-del-poder","status":"publish","type":"post","link":"https:\/\/plazajuarez.mx\/historico\/mas-de-los-asuntos-del-poder\/","title":{"rendered":"M\u00e1s de los asuntos del poder"},"content":{"rendered":"\n<h2 class=\"wp-block-heading\">RETRATOS HABLADOS<\/h2>\n\n\n\n<p>Ha sido un largo, largu\u00edsimo camino, el que se ha recorrido en todo el pa\u00eds para buscar desembocar en nuevas posibilidades en el ejercicio de la pol\u00edtica. Se quiera o no, la base de lo que hoy tenemos se encuentra en el Revolucionario Institucional, todav\u00eda a estas alturas proveedor de embajadores, votos en la C\u00e1mara de Diputados federal y el Senado, para hacer realidad las reformas que propone el presidente de la Rep\u00fablica.<\/p>\n\n\n\n<p>Ha sido un camino largo, largu\u00edsimo, que a\u00fan no sabremos d\u00f3nde ir\u00e1 a desembocar porque sin duda que los pronunciamientos de transformaci\u00f3n, de cambio radical, ya exist\u00edan desde hace d\u00e9cadas entre los cuadros m\u00e1s progresistas del tricolor, que por supuesto s\u00ed existieron y existen, pero frenados por la presencia de personajes que hab\u00edan descubierto la exquisita forma de vivir a costa del erario p\u00fablico, sin importar que en el trayecto tuvieran que echa mano de actos de corrupci\u00f3n.<\/p>\n\n\n\n<p>Poco hay de nuevo bajo el sol.<\/p>\n\n\n\n<p>Alguien dec\u00eda, con raz\u00f3n, que en los asuntos de la literatura ya todo est\u00e1 contado, pero basta la sutil modificaci\u00f3n en el estilo de escribir la misma historia, para reencontrar la novedad, la absoluta sorpresa, igual que los enamorados reinventan el antiqu\u00edsimo arte del amor al grado de transformarlo y hacer que resurja la certeza de que todo, absolutamente todo, empez\u00f3 con ellos, que juran y perjuran que nunca hab\u00eda existido.<\/p>\n\n\n\n<p>Est\u00e1 claro que el asunto de la pol\u00edtica es otro, bastante alejado del sentimiento m\u00e1s noble del ser humano, pero que en ocasiones logra acercarse a sus inaccesibles linderos.<\/p>\n\n\n\n<p>Hoy vivimos un tiempo in\u00e9dito en el pa\u00eds, y por supuesto en buena parte del pa\u00eds donde han ca\u00eddo los antiqu\u00edsimos gobiernos del PRI, para extender a\u00fan m\u00e1s los reg\u00edmenes morenistas. Es el antiguo pero fundamental proceso en que luego de \u201ctocar fondo\u201d, los seres humanos propensos a las adicciones, emergen del fondo para reencontrar no solo el camino, sino la capacidad de retomar la senda del sentido com\u00fan para vivir en sociedad.<\/p>\n\n\n\n<p>El cuestionamiento sin embargo cada vez m\u00e1s insistente, a la luz de los acontecimientos, es si en t\u00e9rminos concretos de verdad ya hab\u00edamos \u201ctocado fondo\u201d, o todav\u00eda habr\u00e1 que esperar solo lo necesario, para descubrir que a la planta baja donde ca\u00edmos, a\u00fan le quedan dos o tres s\u00f3tanos donde espantarnos de lo que una sociedad es capaz de crear.<\/p>\n\n\n\n<p>Por el bien de todos, deseamos que solo sea una mala pasada de la imaginaci\u00f3n, el que la ca\u00edda a\u00fan depare muchos metros de profundidad.<\/p>\n\n\n\n<p>Sin embargo, la verdad es qu\u00e9 hay muy poco de qu\u00e9 sorprendernos, en una historia que pareciera no solo no tener fin, sino ampliarse y ampliarse de manera constante hasta el infinito.<\/p>\n\n\n\n<p>Una buena parte de esta incertidumbre, es la incesante exposici\u00f3n de quienes ejercen el poder a una equivocada idea de que estar en boca de todos es garant\u00eda de ser m\u00e1s cercanos a la ciudadan\u00eda. No es as\u00ed, con todo y que el aplauso de un p\u00fablico cautivo, el que conforma la base del poder, aplauda y aplauda sin inter\u00e9s alguno en lo que se diga, que su aprobaci\u00f3n hace mucho que ya fue no solo adquirida sino asegurada hasta la eternidad.<\/p>\n\n\n\n<p>Pero muy diferente es la historia en un pa\u00eds que por naturaleza no es homog\u00e9neo en nada, y se toma a una parte por el todo.<\/p>\n\n\n\n<p>Es posible, absolutamente posible ejercer el poder con una parte del todo sin duda alguna, de eso no hay duda. Pero es imposible descubrir y atender sus verdaderas carencias. Es viable, es posible conservar por d\u00e9cadas y d\u00e9cadas el mando, pero siempre ser\u00e1 una realidad que se acabar\u00e1 por usar la fuerza de la opresi\u00f3n en un momento determinado.<\/p>\n\n\n\n<p>Tarde es cuando se dan cuenta que la vida de artista nada tiene que ver con la vida del pol\u00edtico serio, que busca ejercer el poder con prudencia y alejado de las irrealidades, de los inventos que a veces se crean ya sin darse cuenta.<\/p>\n\n\n\n<p><strong><\/strong><strong>Mil gracias, hasta ma\u00f1ana.<\/strong><\/p>\n\n\n\n<p><a href=\"mailto:jeperalta@plazajuarez.MX\">jeperalta@plazajuarez.MX<\/a><\/p>\n\n\n\n<p>@JavierEPeralta<\/p>\n","protected":false},"excerpt":{"rendered":"<p>RETRATOS HABLADOS Ha sido un largo, largu\u00edsimo camino, el que se ha recorrido en todo el pa\u00eds para buscar desembocar en nuevas posibilidades en el ejercicio de la pol\u00edtica. Se quiera o no, la base de lo que hoy tenemos se encuentra en el Revolucionario Institucional, todav\u00eda a estas alturas proveedor de embajadores, votos en [&hellip;]<\/p>\n","protected":false},"author":10,"featured_media":208653,"comment_status":"closed","ping_status":"closed","sticky":false,"template":"","format":"standard","meta":{"footnotes":""},"categories":[49,42],"tags":[],"class_list":["post-231399","post","type-post","status-publish","format-standard","has-post-thumbnail","hentry","category-javier-peralta","category-nuestrapalabra"],"_links":{"self":[{"href":"https:\/\/plazajuarez.mx\/historico\/wp-json\/wp\/v2\/posts\/231399","targetHints":{"allow":["GET"]}}],"collection":[{"href":"https:\/\/plazajuarez.mx\/historico\/wp-json\/wp\/v2\/posts"}],"about":[{"href":"https:\/\/plazajuarez.mx\/historico\/wp-json\/wp\/v2\/types\/post"}],"author":[{"embeddable":true,"href":"https:\/\/plazajuarez.mx\/historico\/wp-json\/wp\/v2\/users\/10"}],"replies":[{"embeddable":true,"href":"https:\/\/plazajuarez.mx\/historico\/wp-json\/wp\/v2\/comments?post=231399"}],"version-history":[{"count":0,"href":"https:\/\/plazajuarez.mx\/historico\/wp-json\/wp\/v2\/posts\/231399\/revisions"}],"wp:featuredmedia":[{"embeddable":true,"href":"https:\/\/plazajuarez.mx\/historico\/wp-json\/wp\/v2\/media\/208653"}],"wp:attachment":[{"href":"https:\/\/plazajuarez.mx\/historico\/wp-json\/wp\/v2\/media?parent=231399"}],"wp:term":[{"taxonomy":"category","embeddable":true,"href":"https:\/\/plazajuarez.mx\/historico\/wp-json\/wp\/v2\/categories?post=231399"},{"taxonomy":"post_tag","embeddable":true,"href":"https:\/\/plazajuarez.mx\/historico\/wp-json\/wp\/v2\/tags?post=231399"}],"curies":[{"name":"wp","href":"https:\/\/api.w.org\/{rel}","templated":true}]}}