{"id":231397,"date":"2022-09-26T09:14:19","date_gmt":"2022-09-26T14:14:19","guid":{"rendered":"https:\/\/plazajuarez.mx\/?p=231397"},"modified":"2022-09-26T09:14:24","modified_gmt":"2022-09-26T14:14:24","slug":"los-43-ya-8-anos","status":"publish","type":"post","link":"https:\/\/plazajuarez.mx\/historico\/los-43-ya-8-anos\/","title":{"rendered":"LOS 43\u2026 YA 8 A\u00d1OS"},"content":{"rendered":"\n<h2 class=\"wp-block-heading\">ALFIL NEGRO<\/h2>\n\n\n\n<p>Hoy se cumplen 8 a\u00f1os de los acontecimientos de la normal de AYOTZINAPA que provoc\u00f3 en el da\u00f1o m\u00e1s serio, que 43 normalistas fueran desaparecidos con la participaci\u00f3n de muchos personajes de la pol\u00edtica, de las fuerzas armadas, polic\u00edas municipales y sicarios contratados para la muerte de los 43.<\/p>\n\n\n\n<p>Explicaciones se han dado muchas, y ninguna ha sido aceptada en su totalidad por los padres de los desaparecidos, que tambi\u00e9n hay que decirlo, han sido utilizados como bot\u00edn pol\u00edtico en la lucha por el poder y casi siempre con la promesa de que se localizar\u00eda a los estudiantes con vida, lo que no ha dejado de ser una burla cruel porque todo indica de acuerdo a los datos que se tienen, que esa misma noche del 26 de septiembre del 2014 fueron asesinados y desaparecidos sus restos, con m\u00e9todos terribles que hacen temblar al m\u00e1s pintado.<\/p>\n\n\n\n<p>Hay muchas dudas sobre lo que se ha investigado por la parte gubernamental y m\u00e1s sobre el incumplimiento de promesas y m\u00e1s promesas, lo que vino a provocar un aniversario octavo que seguramente ser\u00e1 dif\u00edcil por las protestas de familiares y organismos simpatizantes y comprometidos con ellos, adem\u00e1s de una opini\u00f3n general molesta por la forma en que se maneja el caso de los 43, es el INFORME DE LA PRESIDENCIA DE LA COMISI\u00d3N PARA LA VERDAD Y EL ACCESO A LA JUSTICIA DEL CASO AYOTZINAPA, presentado en agosto de este a\u00f1o.<\/p>\n\n\n\n<p>Y es que buena parte del informe viene tachado, TESTADO, dicen los que conocen sobre la terminolog\u00eda, que finalmente impide enterarse de todo, porque as\u00ed conviene a la investigaci\u00f3n o a otros intereses.<\/p>\n\n\n\n<p>Esta actitud de testar o borrar parte del informe, cre\u00f3 dudas, y la idea de que se pudo orientar la informaci\u00f3n por el lado que se quiso quitando elementos que seguramente pod\u00edan dar otras ruta a la informaci\u00f3n.<\/p>\n\n\n\n<p>La publicaci\u00f3n de la columna pol\u00edtica <em>LINOTIPIA,<\/em> en el diario Reforma de la periodista Penilley Ram\u00edrez con el t\u00edtulo \u201cAYOTZINAPA EL ENCUBRIMIENTO\u201d, en la que se dan a conocer sobre todo las partes borradas del informe, gracias a un documento que se\u00f1ala la comunicadora le fue entregado para que se conociera la verdad, ha creado un clima de polarizaci\u00f3n sobre lo publicado y la periodista, en que unos la condenan y la acusan de protagonismo absurdo y de entorpecer la investigaci\u00f3n y de faltarle el respeto a los 43 y a sus familias; y del otro lado, los que la defienden y se\u00f1alan que en todo caso quien ocult\u00f3 informaci\u00f3n fue la Comisi\u00f3n que no inform\u00f3 todo, y se guard\u00f3 cosas borr\u00e1ndolas porque as\u00ed les conven\u00eda.<\/p>\n\n\n\n<p>Llama la atenci\u00f3n la actitud de los que la condenan con adjetivos y juicios muy agresivos y furibundos, por dar a conocer lo que el organismo oficial no hizo, con juicios no s\u00f3lo muy severos sino hasta agresivos contra su trabajo de comunicaci\u00f3n.<\/p>\n\n\n\n<p>Vale la pena leer su informaci\u00f3n para tener una idea de c\u00f3mo se dieron las cosas que desde luego, deben ser confirmadas con investigaciones adecuadas.<\/p>\n\n\n\n<p>Son ya 8 a\u00f1os en que ha pasado de todo, derivado del caso de los 43.<\/p>\n\n\n\n<p>Muchas protestas y muchos intereses que se mueven en su entorno, y muchas redes que buscan pescar en el r\u00edo revuelto, porque es un hecho que se presta para promesas y compromisos que en su momento fortalecen las posibilidades pol\u00edticas, aunque luego no se cumplan.<\/p>\n\n\n\n<p><strong>Son 8 a\u00f1os, y contando\u2026&nbsp;<\/strong><\/p>\n","protected":false},"excerpt":{"rendered":"<p>ALFIL NEGRO Hoy se cumplen 8 a\u00f1os de los acontecimientos de la normal de AYOTZINAPA que provoc\u00f3 en el da\u00f1o m\u00e1s serio, que 43 normalistas fueran desaparecidos con la participaci\u00f3n de muchos personajes de la pol\u00edtica, de las fuerzas armadas, polic\u00edas municipales y sicarios contratados para la muerte de los 43. Explicaciones se han dado [&hellip;]<\/p>\n","protected":false},"author":83,"featured_media":208526,"comment_status":"closed","ping_status":"closed","sticky":false,"template":"","format":"standard","meta":{"footnotes":""},"categories":[48,42],"tags":[],"class_list":["post-231397","post","type-post","status-publish","format-standard","has-post-thumbnail","hentry","category-adalberto-peralta","category-nuestrapalabra"],"_links":{"self":[{"href":"https:\/\/plazajuarez.mx\/historico\/wp-json\/wp\/v2\/posts\/231397","targetHints":{"allow":["GET"]}}],"collection":[{"href":"https:\/\/plazajuarez.mx\/historico\/wp-json\/wp\/v2\/posts"}],"about":[{"href":"https:\/\/plazajuarez.mx\/historico\/wp-json\/wp\/v2\/types\/post"}],"author":[{"embeddable":true,"href":"https:\/\/plazajuarez.mx\/historico\/wp-json\/wp\/v2\/users\/83"}],"replies":[{"embeddable":true,"href":"https:\/\/plazajuarez.mx\/historico\/wp-json\/wp\/v2\/comments?post=231397"}],"version-history":[{"count":0,"href":"https:\/\/plazajuarez.mx\/historico\/wp-json\/wp\/v2\/posts\/231397\/revisions"}],"wp:featuredmedia":[{"embeddable":true,"href":"https:\/\/plazajuarez.mx\/historico\/wp-json\/wp\/v2\/media\/208526"}],"wp:attachment":[{"href":"https:\/\/plazajuarez.mx\/historico\/wp-json\/wp\/v2\/media?parent=231397"}],"wp:term":[{"taxonomy":"category","embeddable":true,"href":"https:\/\/plazajuarez.mx\/historico\/wp-json\/wp\/v2\/categories?post=231397"},{"taxonomy":"post_tag","embeddable":true,"href":"https:\/\/plazajuarez.mx\/historico\/wp-json\/wp\/v2\/tags?post=231397"}],"curies":[{"name":"wp","href":"https:\/\/api.w.org\/{rel}","templated":true}]}}