{"id":231391,"date":"2022-09-26T09:12:01","date_gmt":"2022-09-26T14:12:01","guid":{"rendered":"https:\/\/plazajuarez.mx\/?p=231391"},"modified":"2022-09-26T09:12:18","modified_gmt":"2022-09-26T14:12:18","slug":"dese-por-enterado-1025","status":"publish","type":"post","link":"https:\/\/plazajuarez.mx\/historico\/dese-por-enterado-1025\/","title":{"rendered":"DESE POR ENTERADO"},"content":{"rendered":"\n<p><strong>EL BONO DEMOCR\u00c1TICO<\/strong>. &#8211; Una inversi\u00f3n hist\u00f3rica para la regi\u00f3n donde ya nunca se construy\u00f3 el Aeropuerto Internacional alterno al de la Ciudad de M\u00e9xico, es decir los valles de Tizayuca-Zapotl\u00e1n, podr\u00eda ser anunciada en el transcurso de la presenta o la pr\u00f3xima semana, por parte del gobernador, <strong>Julio Menchaca Salazar<\/strong>. Por muchas razones, pero fundamentalmente porque el bono democr\u00e1tico con el que lleg\u00f3 al poder, tiene mucho m\u00e1s soporte cuando, adem\u00e1s de los anuncios c\u00edclicos de cada arranque de sexenio, en el sentido de que m\u00e1s de un ex funcionario ir\u00e1 a parar al bote por corrupto, se aterriza en hechos concretos que hablen de la creaci\u00f3n de empleos bien pagados, y por supuesto, las tareas destinadas al mejoramiento de la seguridad. \u00a1Bien por este anuncio ya pr\u00f3ximo!<\/p>\n\n\n\n<figure class=\"wp-block-image size-full\"><img loading=\"lazy\" decoding=\"async\" width=\"1280\" height=\"853\" src=\"https:\/\/plazajuarez.mx\/historico\/historico\/wp-content\/uploads\/2022\/09\/EL-BONO-DEMOCRA\u0301TICO_Cortesi\u0301a.jpg\" alt=\"\" class=\"wp-image-231392\" srcset=\"https:\/\/plazajuarez.mx\/historico\/wp-content\/uploads\/2022\/09\/EL-BONO-DEMOCRA\u0301TICO_Cortesi\u0301a.jpg 1280w, https:\/\/plazajuarez.mx\/historico\/wp-content\/uploads\/2022\/09\/EL-BONO-DEMOCRA\u0301TICO_Cortesi\u0301a-768x512.jpg 768w, https:\/\/plazajuarez.mx\/historico\/wp-content\/uploads\/2022\/09\/EL-BONO-DEMOCRA\u0301TICO_Cortesi\u0301a-274x183.jpg 274w, https:\/\/plazajuarez.mx\/historico\/wp-content\/uploads\/2022\/09\/EL-BONO-DEMOCRA\u0301TICO_Cortesi\u0301a-80x54.jpg 80w, https:\/\/plazajuarez.mx\/historico\/wp-content\/uploads\/2022\/09\/EL-BONO-DEMOCRA\u0301TICO_Cortesi\u0301a-130x87.jpg 130w, https:\/\/plazajuarez.mx\/historico\/wp-content\/uploads\/2022\/09\/EL-BONO-DEMOCRA\u0301TICO_Cortesi\u0301a-359x240.jpg 359w, https:\/\/plazajuarez.mx\/historico\/wp-content\/uploads\/2022\/09\/EL-BONO-DEMOCRA\u0301TICO_Cortesi\u0301a-85x57.jpg 85w, https:\/\/plazajuarez.mx\/historico\/wp-content\/uploads\/2022\/09\/EL-BONO-DEMOCRA\u0301TICO_Cortesi\u0301a-546x365.jpg 546w, https:\/\/plazajuarez.mx\/historico\/wp-content\/uploads\/2022\/09\/EL-BONO-DEMOCRA\u0301TICO_Cortesi\u0301a-165x109.jpg 165w, https:\/\/plazajuarez.mx\/historico\/wp-content\/uploads\/2022\/09\/EL-BONO-DEMOCRA\u0301TICO_Cortesi\u0301a-112x75.jpg 112w, https:\/\/plazajuarez.mx\/historico\/wp-content\/uploads\/2022\/09\/EL-BONO-DEMOCRA\u0301TICO_Cortesi\u0301a-179x120.jpg 179w, https:\/\/plazajuarez.mx\/historico\/wp-content\/uploads\/2022\/09\/EL-BONO-DEMOCRA\u0301TICO_Cortesi\u0301a-170x113.jpg 170w, https:\/\/plazajuarez.mx\/historico\/wp-content\/uploads\/2022\/09\/EL-BONO-DEMOCRA\u0301TICO_Cortesi\u0301a-81x55.jpg 81w, https:\/\/plazajuarez.mx\/historico\/wp-content\/uploads\/2022\/09\/EL-BONO-DEMOCRA\u0301TICO_Cortesi\u0301a-765x510.jpg 765w\" sizes=\"auto, (max-width: 1280px) 100vw, 1280px\" \/><\/figure>\n\n\n\n<p><strong>OFM: \u00bfEMBAJADA O CARGO EN EL GOBIERNO?<\/strong>. &#8211; Tambi\u00e9n corre la versi\u00f3n de que el ex gobernador del Estado, <strong>Omar Fayad Meneses, <\/strong>podr\u00eda ser nombrado en breve como embajador de M\u00e9xico en un pa\u00eds a\u00fan no definido, pero para m\u00e1s se\u00f1as, tiene una torre de acero gigantesca. Aunque otros lo vuelven a situar en la direcci\u00f3n general del CONACYT. Luego del arranque del gobierno de <strong>Menchaca Salazar<\/strong>, de los se\u00f1alamientos que sus funcionarios han hecho en contra de los que les precedieron, y con uno que otro caso que se prev\u00e9 derive en el fresco bote para funcionarios de medio pelo, se comenta que el avi\u00f3n de Air France ya est\u00e1 por aterrizar.<\/p>\n\n\n\n<figure class=\"wp-block-image size-full\"><img loading=\"lazy\" decoding=\"async\" width=\"680\" height=\"680\" src=\"https:\/\/plazajuarez.mx\/historico\/historico\/wp-content\/uploads\/2022\/09\/OFM_-EMBAJADA-CARGO-EN-EL-GOBIERNO__Cortesi\u0301a.jpg\" alt=\"\" class=\"wp-image-231393\" srcset=\"https:\/\/plazajuarez.mx\/historico\/wp-content\/uploads\/2022\/09\/OFM_-EMBAJADA-CARGO-EN-EL-GOBIERNO__Cortesi\u0301a.jpg 680w, https:\/\/plazajuarez.mx\/historico\/wp-content\/uploads\/2022\/09\/OFM_-EMBAJADA-CARGO-EN-EL-GOBIERNO__Cortesi\u0301a-36x36.jpg 36w\" sizes=\"auto, (max-width: 680px) 100vw, 680px\" \/><\/figure>\n\n\n\n<p><strong>\u00bfY PARA EL PRI NACIONAL?<\/strong>. &#8211; Bajo el entendido de que con todo y que, supuestamente, ya adquiri\u00f3 salvoconducto para no pisar alg\u00fan penal de alta seguridad en el pa\u00eds, el l\u00edder nacional del PRI, <strong>Alejandro Moreno, \u201cEl Alito\u201d,<\/strong> ya no se podr\u00e1 sostener por m\u00e1s tiempo en el cargo, los grupos m\u00e1s cercanos al senador <strong>Miguel \u00c1ngel Osorio Chong<\/strong>, trabajan a marchas forzadas para llevarlo a ese cargo, pero sobre todo a la nominaci\u00f3n tricolor a la Presidencia de la Rep\u00fablica, con posibilidades reales de pelearle el cargo a la doctora Sheinmaum. Incluso su nominaci\u00f3n bien podr\u00eda no ser a trav\u00e9s del Revolucionario Institucional, en caso de que \u201cAlito\u201d se mantenga en el cargo. A ver qu\u00e9 pasa.<\/p>\n\n\n\n<figure class=\"wp-block-image size-full\"><img loading=\"lazy\" decoding=\"async\" width=\"479\" height=\"479\" src=\"https:\/\/plazajuarez.mx\/historico\/historico\/wp-content\/uploads\/2022\/09\/Y-PARA-EL-PRI-NACIONAL__Facebook-Miguel-A\u0301ngel-Osorio-Chong.jpg\" alt=\"\" class=\"wp-image-231394\" srcset=\"https:\/\/plazajuarez.mx\/historico\/wp-content\/uploads\/2022\/09\/Y-PARA-EL-PRI-NACIONAL__Facebook-Miguel-A\u0301ngel-Osorio-Chong.jpg 479w, https:\/\/plazajuarez.mx\/historico\/wp-content\/uploads\/2022\/09\/Y-PARA-EL-PRI-NACIONAL__Facebook-Miguel-A\u0301ngel-Osorio-Chong-36x36.jpg 36w\" sizes=\"auto, (max-width: 479px) 100vw, 479px\" \/><\/figure>\n\n\n\n<p><strong>ALL\u00c1 SE LES CADUCAN VACUNAS, AQU\u00cd MEDICINAS<\/strong>. &#8211; La nueva secretaria de Salud del gobierno estatal, <strong>Zorayda Robles Barrera<\/strong>, ces\u00f3 de manera fulminante al director y al administrador del Hospital General de Tula, luego que detect\u00f3 en su visita al nosocomio, la existencia de medicamento caducado, as\u00ed como material de curaci\u00f3n. Vaya pues, lo mismito que ha pasado en la administraci\u00f3n federal, donde se localizaron cargamentos gigantes de vacunas anticovid que igual se echaron a perder sin ser usados. <strong>Robles Barrera<\/strong> aplica as\u00ed una acci\u00f3n directa y sin tapujos en contra de malos funcionarios, lo que por desgracia no sucede en el plano federal, donde lejos de poner en su lugar a funcionarios irresponsables, por el contrario se les premia. Debieran aprender de lo que se hace aqu\u00ed, en Hidalgo.<\/p>\n\n\n\n<figure class=\"wp-block-image size-full\"><img loading=\"lazy\" decoding=\"async\" width=\"1000\" height=\"1504\" src=\"https:\/\/plazajuarez.mx\/historico\/historico\/wp-content\/uploads\/2022\/09\/ALLA\u0301-SE-LES-CADUCAN-VACUNAS-AQUI\u0301-MEDICINAS_Facebook-Zorayda-Robles.jpg\" alt=\"\" class=\"wp-image-231395\" srcset=\"https:\/\/plazajuarez.mx\/historico\/wp-content\/uploads\/2022\/09\/ALLA\u0301-SE-LES-CADUCAN-VACUNAS-AQUI\u0301-MEDICINAS_Facebook-Zorayda-Robles.jpg 1000w, https:\/\/plazajuarez.mx\/historico\/wp-content\/uploads\/2022\/09\/ALLA\u0301-SE-LES-CADUCAN-VACUNAS-AQUI\u0301-MEDICINAS_Facebook-Zorayda-Robles-768x1155.jpg 768w\" sizes=\"auto, (max-width: 1000px) 100vw, 1000px\" \/><\/figure>\n","protected":false},"excerpt":{"rendered":"<p>EL BONO DEMOCR\u00c1TICO. &#8211; Una inversi\u00f3n hist\u00f3rica para la regi\u00f3n donde ya nunca se construy\u00f3 el Aeropuerto Internacional alterno al de la Ciudad de M\u00e9xico, es decir los valles de Tizayuca-Zapotl\u00e1n, podr\u00eda ser anunciada en el transcurso de la presenta o la pr\u00f3xima semana, por parte del gobernador, Julio Menchaca Salazar. Por muchas razones, pero [&hellip;]<\/p>\n","protected":false},"author":93,"featured_media":208507,"comment_status":"closed","ping_status":"closed","sticky":false,"template":"","format":"standard","meta":{"footnotes":""},"categories":[83],"tags":[],"class_list":["post-231391","post","type-post","status-publish","format-standard","has-post-thumbnail","hentry","category-dese-por-enterado"],"_links":{"self":[{"href":"https:\/\/plazajuarez.mx\/historico\/wp-json\/wp\/v2\/posts\/231391","targetHints":{"allow":["GET"]}}],"collection":[{"href":"https:\/\/plazajuarez.mx\/historico\/wp-json\/wp\/v2\/posts"}],"about":[{"href":"https:\/\/plazajuarez.mx\/historico\/wp-json\/wp\/v2\/types\/post"}],"author":[{"embeddable":true,"href":"https:\/\/plazajuarez.mx\/historico\/wp-json\/wp\/v2\/users\/93"}],"replies":[{"embeddable":true,"href":"https:\/\/plazajuarez.mx\/historico\/wp-json\/wp\/v2\/comments?post=231391"}],"version-history":[{"count":0,"href":"https:\/\/plazajuarez.mx\/historico\/wp-json\/wp\/v2\/posts\/231391\/revisions"}],"wp:featuredmedia":[{"embeddable":true,"href":"https:\/\/plazajuarez.mx\/historico\/wp-json\/wp\/v2\/media\/208507"}],"wp:attachment":[{"href":"https:\/\/plazajuarez.mx\/historico\/wp-json\/wp\/v2\/media?parent=231391"}],"wp:term":[{"taxonomy":"category","embeddable":true,"href":"https:\/\/plazajuarez.mx\/historico\/wp-json\/wp\/v2\/categories?post=231391"},{"taxonomy":"post_tag","embeddable":true,"href":"https:\/\/plazajuarez.mx\/historico\/wp-json\/wp\/v2\/tags?post=231391"}],"curies":[{"name":"wp","href":"https:\/\/api.w.org\/{rel}","templated":true}]}}