{"id":231362,"date":"2022-09-25T12:21:21","date_gmt":"2022-09-25T17:21:21","guid":{"rendered":"https:\/\/plazajuarez.mx\/?p=231362"},"modified":"2022-09-25T12:21:27","modified_gmt":"2022-09-25T17:21:27","slug":"feria_hidalgo","status":"publish","type":"post","link":"https:\/\/plazajuarez.mx\/historico\/feria_hidalgo\/","title":{"rendered":"Hidalgo, nuevo anfitri\u00f3n de la edici\u00f3n 26 del Festival de la Huasteca"},"content":{"rendered":"\n<p> Como parte del protocolo de clausura de la edici\u00f3n 25 del Festival de la Huasteca, San Luis Potos\u00ed entreg\u00f3 el bast\u00f3n de mando al estado de Hidalgo ya que ser\u00e1 el municipio de Huejutla donde se realice la nueva edici\u00f3n de la fiesta de las Huastecas del pa\u00eds en 2023.<\/p>\n\n\n\n<p>&#8220;Gracias a ustedes amigos huastecos porque sabemos que en Huejutla el coraz\u00f3n de Hidalgo van a vivir momentos muy emocionantes (&#8230;) que viva la Huasteca, que viva Aquism\u00f3n y que viva Huejutla Hidalgo&#8221;, coment\u00f3 durante su participaci\u00f3n el presidente municipal de Huejutla, Hidalgo, Leoncio Villegas Lara, tras recibir el bast\u00f3n de mando de las manos del presidente municipal de Aquism\u00f3n Cuauht\u00e9moc Balderas.<\/p>\n\n\n\n<p>Del 22 al 24 de septiembre el Pueblo M\u00e1gico de Aquism\u00f3n, ubicado en la Huasteca Potosina, vibr\u00f3 con el zapateado y la m\u00fasica de fiesta con la presentaci\u00f3n de culturales y tradicionales de las seis huastecas que conforman el pa\u00eds: Veracruz, Puebla, Tamaulipas, Hidalgo, Quer\u00e9taro y San Luis Potos\u00ed.<\/p>\n\n\n\n<p>Aunque de manera oficial el festival concluy\u00f3 alrededor de las 21 horas, la fiesta continu\u00f3 hasta entrada la madrugada, con grupos de huapango de los seis municipios que amenizaron la noche junto al zapateado que no ces\u00f3. Durante el baile ni\u00f1os y personas de la tercera edad portaron trajes t\u00edpicos de la Huasteca y zapatos de baile, algunos asistentes llegaron con tenis que hicieron juego con el baile que termin\u00f3 hasta tarde.<\/p>\n\n\n\n<p>En la \u00faltima canci\u00f3n, los huapangueros m\u00e1s j\u00f3venes se unieron en lo que llamaron una huapangueada de la hermandad para poder deleitar con rimas improvisadas a los presentes, con un \u00faltimo verso &#8220;Veracruz, Hidalgo y Tamaulipas, hoy nos hermana el huapango, mariposas y amapolas, jilg\u00fceros y tantocol&#8221;, concluyeron el festival.<\/p>\n","protected":false},"excerpt":{"rendered":"<p>Como parte del protocolo de clausura de la edici\u00f3n 25 del Festival de la Huasteca, San Luis Potos\u00ed entreg\u00f3 el bast\u00f3n de mando al estado de Hidalgo ya que ser\u00e1 el municipio de Huejutla donde se realice la nueva edici\u00f3n de la fiesta de las Huastecas del pa\u00eds en 2023. &#8220;Gracias a ustedes amigos huastecos [&hellip;]<\/p>\n","protected":false},"author":81,"featured_media":231363,"comment_status":"closed","ping_status":"closed","sticky":false,"template":"","format":"standard","meta":{"footnotes":""},"categories":[41,15,2159,2163],"tags":[],"class_list":["post-231362","post","type-post","status-publish","format-standard","has-post-thumbnail","hentry","category-arteria-cultural","category-destacadas","category-noticias-de-hidalgo","category-noticias-de-slp"],"_links":{"self":[{"href":"https:\/\/plazajuarez.mx\/historico\/wp-json\/wp\/v2\/posts\/231362","targetHints":{"allow":["GET"]}}],"collection":[{"href":"https:\/\/plazajuarez.mx\/historico\/wp-json\/wp\/v2\/posts"}],"about":[{"href":"https:\/\/plazajuarez.mx\/historico\/wp-json\/wp\/v2\/types\/post"}],"author":[{"embeddable":true,"href":"https:\/\/plazajuarez.mx\/historico\/wp-json\/wp\/v2\/users\/81"}],"replies":[{"embeddable":true,"href":"https:\/\/plazajuarez.mx\/historico\/wp-json\/wp\/v2\/comments?post=231362"}],"version-history":[{"count":0,"href":"https:\/\/plazajuarez.mx\/historico\/wp-json\/wp\/v2\/posts\/231362\/revisions"}],"wp:featuredmedia":[{"embeddable":true,"href":"https:\/\/plazajuarez.mx\/historico\/wp-json\/wp\/v2\/media\/231363"}],"wp:attachment":[{"href":"https:\/\/plazajuarez.mx\/historico\/wp-json\/wp\/v2\/media?parent=231362"}],"wp:term":[{"taxonomy":"category","embeddable":true,"href":"https:\/\/plazajuarez.mx\/historico\/wp-json\/wp\/v2\/categories?post=231362"},{"taxonomy":"post_tag","embeddable":true,"href":"https:\/\/plazajuarez.mx\/historico\/wp-json\/wp\/v2\/tags?post=231362"}],"curies":[{"name":"wp","href":"https:\/\/api.w.org\/{rel}","templated":true}]}}