{"id":231356,"date":"2022-09-25T12:10:57","date_gmt":"2022-09-25T17:10:57","guid":{"rendered":"https:\/\/plazajuarez.mx\/?p=231356"},"modified":"2022-09-25T12:11:04","modified_gmt":"2022-09-25T17:11:04","slug":"camilo_guardia","status":"publish","type":"post","link":"https:\/\/plazajuarez.mx\/historico\/camilo_guardia\/","title":{"rendered":"Guardia de seguridad le niega el paso a Camilo en su propio concierto"},"content":{"rendered":"\n<p> Camilo es sin dudas uno de los compositores m\u00e1s queridos y talentosos de la m\u00fasica urbana. El joven colombiano nos conquist\u00f3 y nos hizo bailar al ritmo de canciones como &#8220;Tutu&#8221;, &#8220;Tu Boca&#8221;, &#8220;\u00cdndigo&#8221;, entre muchas otras m\u00e1s.<\/p>\n\n\n\n<p>La pareja de Evaluna se encuentra actualmente realizando una gira mundial, la cual lo ha llevado por pa\u00edses como Espa\u00f1a, Argentina e incluso pr\u00f3ximamente se presentar\u00e1 en diversas ciudades de los Estados Unidos. Curiosamente, en uno de sus \u00faltimos conciertos Camilo casi no pudo subirse al escenario por un hecho muy llamativo.<\/p>\n\n\n\n<p>Un guardia de seguridad le prohibi\u00f3 a Camilo subir al escenario de su propio concierto. Esto sucedi\u00f3 en la ciudad de Orlando y el cantante cont\u00f3 c\u00f3mo fue la curiosa y graciosa situaci\u00f3n. &#8220;Voy caminando hacia el camerino y me para alguien de seguridad de Orlando y me dice &#8216;\u00bfD\u00f3nde est\u00e1 tu escarapela?&#8217; en ingl\u00e9s, y le contesto &#8216;No tengo&#8217; y ah\u00ed me dice &#8216;T\u00fa no puedes estar aqu\u00ed'&#8221;, asegur\u00f3 Camilo.<\/p>\n\n\n\n<p>Camilo asegura que esta situaci\u00f3n sucedi\u00f3 porque el guardia no sab\u00eda qui\u00e9n era \u00e9l. Incluso la pareja de Evaluna asegur\u00f3 que despu\u00e9s de este confuso momento el guardia de seguridad le confirm\u00f3 que ahora era un aut\u00e9ntico fan de su m\u00fasica y que quer\u00eda formar parte de &#8220;La Tribu&#8221; (este es el nombre que recibe el club de fans del cantante o la forma en c\u00f3mo sus fan\u00e1ticos desean ser conocidos).<\/p>\n\n\n\n<p>&#8220;Casi me echan de mi propio concierto&#8221;, asegur\u00f3 entre risas Camilo. El cantante colombiano incluso asegur\u00f3 que est\u00e1 muy contento de poder realiza esta gira ya que extra\u00f1aba presentarse arriba de un escenario.<\/p>\n\n\n\n<p>\u00bfCu\u00e1ntas nominaciones recibi\u00f3 Camilo en los Latin Grammy?<\/p>\n\n\n\n<p>Camilo fue nominado a 3 premios Latin Grammy. El cantante competir\u00e1 en las categor\u00edas de Grabaci\u00f3n del A\u00f1o por &#8220;Pegao&#8221;, Canci\u00f3n del a\u00f1o por &#8220;\u00cdndigo&#8221; junto a su pareja Evaluna, y Mejor Canci\u00f3n Pop nuevamente por &#8220;\u00cdndigo&#8221;.<\/p>\n","protected":false},"excerpt":{"rendered":"<p>Camilo es sin dudas uno de los compositores m\u00e1s queridos y talentosos de la m\u00fasica urbana. El joven colombiano nos conquist\u00f3 y nos hizo bailar al ritmo de canciones como &#8220;Tutu&#8221;, &#8220;Tu Boca&#8221;, &#8220;\u00cdndigo&#8221;, entre muchas otras m\u00e1s. La pareja de Evaluna se encuentra actualmente realizando una gira mundial, la cual lo ha llevado por [&hellip;]<\/p>\n","protected":false},"author":81,"featured_media":231357,"comment_status":"closed","ping_status":"closed","sticky":false,"template":"","format":"standard","meta":{"footnotes":""},"categories":[38],"tags":[],"class_list":["post-231356","post","type-post","status-publish","format-standard","has-post-thumbnail","hentry","category-show"],"_links":{"self":[{"href":"https:\/\/plazajuarez.mx\/historico\/wp-json\/wp\/v2\/posts\/231356","targetHints":{"allow":["GET"]}}],"collection":[{"href":"https:\/\/plazajuarez.mx\/historico\/wp-json\/wp\/v2\/posts"}],"about":[{"href":"https:\/\/plazajuarez.mx\/historico\/wp-json\/wp\/v2\/types\/post"}],"author":[{"embeddable":true,"href":"https:\/\/plazajuarez.mx\/historico\/wp-json\/wp\/v2\/users\/81"}],"replies":[{"embeddable":true,"href":"https:\/\/plazajuarez.mx\/historico\/wp-json\/wp\/v2\/comments?post=231356"}],"version-history":[{"count":0,"href":"https:\/\/plazajuarez.mx\/historico\/wp-json\/wp\/v2\/posts\/231356\/revisions"}],"wp:featuredmedia":[{"embeddable":true,"href":"https:\/\/plazajuarez.mx\/historico\/wp-json\/wp\/v2\/media\/231357"}],"wp:attachment":[{"href":"https:\/\/plazajuarez.mx\/historico\/wp-json\/wp\/v2\/media?parent=231356"}],"wp:term":[{"taxonomy":"category","embeddable":true,"href":"https:\/\/plazajuarez.mx\/historico\/wp-json\/wp\/v2\/categories?post=231356"},{"taxonomy":"post_tag","embeddable":true,"href":"https:\/\/plazajuarez.mx\/historico\/wp-json\/wp\/v2\/tags?post=231356"}],"curies":[{"name":"wp","href":"https:\/\/api.w.org\/{rel}","templated":true}]}}