{"id":231353,"date":"2022-09-25T12:02:01","date_gmt":"2022-09-25T17:02:01","guid":{"rendered":"https:\/\/plazajuarez.mx\/?p=231353"},"modified":"2022-09-25T12:02:07","modified_gmt":"2022-09-25T17:02:07","slug":"checo_max-2","status":"publish","type":"post","link":"https:\/\/plazajuarez.mx\/historico\/checo_max-2\/","title":{"rendered":"&#8220;Checo&#8221; P\u00e9rez, el gran ausente en la fiesta de Max Verstappen"},"content":{"rendered":"\n<p> Max Verstappen adelant\u00f3 su fiesta de cumplea\u00f1os y el gran ausente en el evento fue su compa\u00f1ero de Red Bull, el mexicano Sergio &#8220;Checo&#8221; P\u00e9rez.<\/p>\n\n\n\n<p>El piloto neerland\u00e9s, que est\u00e1 a punto de conseguir el bicampeonato de la F\u00f3rmula 1 en este 2022, tuvo que hacer este fin de semana la fiesta por su cumplea\u00f1os 25, ya que el 30 de septiembre (su fecha de nacimiento) estar\u00e1 sobre el RB18 en las pr\u00e1cticas del Gran Premio de Singapur, la siguiente parada de la m\u00e1xima categor\u00eda del automovilismo.<\/p>\n\n\n\n<p>Los festejos de Verstappen se habr\u00edan llevado a cabo en M\u00f3naco y para sorpresa de muchos, sobre todo por la buena amistad que han entablado desde que son volantes del mismo equipo, &#8220;Checo&#8221; P\u00e9rez no estuvo ah\u00ed.<\/p>\n\n\n\n<p>La siguiente semana volver\u00e1 la actividad de la categor\u00eda reina, que comienza a vivir la recta final de su actual temporada, en la que tambi\u00e9n Red Bull se perfila como el ganador del campeonato de constructores, esto gracias a los puntos que han logrado sobre las pistas tanto Verstappen como P\u00e9rez.<\/p>\n","protected":false},"excerpt":{"rendered":"<p>Max Verstappen adelant\u00f3 su fiesta de cumplea\u00f1os y el gran ausente en el evento fue su compa\u00f1ero de Red Bull, el mexicano Sergio &#8220;Checo&#8221; P\u00e9rez. El piloto neerland\u00e9s, que est\u00e1 a punto de conseguir el bicampeonato de la F\u00f3rmula 1 en este 2022, tuvo que hacer este fin de semana la fiesta por su cumplea\u00f1os [&hellip;]<\/p>\n","protected":false},"author":81,"featured_media":231354,"comment_status":"closed","ping_status":"closed","sticky":false,"template":"","format":"standard","meta":{"footnotes":""},"categories":[39],"tags":[],"class_list":["post-231353","post","type-post","status-publish","format-standard","has-post-thumbnail","hentry","category-deportiva"],"_links":{"self":[{"href":"https:\/\/plazajuarez.mx\/historico\/wp-json\/wp\/v2\/posts\/231353","targetHints":{"allow":["GET"]}}],"collection":[{"href":"https:\/\/plazajuarez.mx\/historico\/wp-json\/wp\/v2\/posts"}],"about":[{"href":"https:\/\/plazajuarez.mx\/historico\/wp-json\/wp\/v2\/types\/post"}],"author":[{"embeddable":true,"href":"https:\/\/plazajuarez.mx\/historico\/wp-json\/wp\/v2\/users\/81"}],"replies":[{"embeddable":true,"href":"https:\/\/plazajuarez.mx\/historico\/wp-json\/wp\/v2\/comments?post=231353"}],"version-history":[{"count":0,"href":"https:\/\/plazajuarez.mx\/historico\/wp-json\/wp\/v2\/posts\/231353\/revisions"}],"wp:featuredmedia":[{"embeddable":true,"href":"https:\/\/plazajuarez.mx\/historico\/wp-json\/wp\/v2\/media\/231354"}],"wp:attachment":[{"href":"https:\/\/plazajuarez.mx\/historico\/wp-json\/wp\/v2\/media?parent=231353"}],"wp:term":[{"taxonomy":"category","embeddable":true,"href":"https:\/\/plazajuarez.mx\/historico\/wp-json\/wp\/v2\/categories?post=231353"},{"taxonomy":"post_tag","embeddable":true,"href":"https:\/\/plazajuarez.mx\/historico\/wp-json\/wp\/v2\/tags?post=231353"}],"curies":[{"name":"wp","href":"https:\/\/api.w.org\/{rel}","templated":true}]}}