{"id":231329,"date":"2022-09-24T20:30:05","date_gmt":"2022-09-25T01:30:05","guid":{"rendered":"https:\/\/plazajuarez.mx\/?p=231329"},"modified":"2022-09-24T20:30:10","modified_gmt":"2022-09-25T01:30:10","slug":"pablo-montero-responde-a-invitacion-de-julio-cesar-chavez","status":"publish","type":"post","link":"https:\/\/plazajuarez.mx\/historico\/pablo-montero-responde-a-invitacion-de-julio-cesar-chavez\/","title":{"rendered":"Pablo Montero responde a invitaci\u00f3n de Julio C\u00e9sar Ch\u00e1vez"},"content":{"rendered":"\n<p class=\"wp-block-paragraph\">No es un secreto que el cantante Pablo Montero ha levantado diversas especulaciones con respecto a su problema de alcoholismo y aunque en otras ocasiones ha negado necesitar ayuda profesional, el boxeador Julio C\u00e9sar Ch\u00e1vez, quien cuenta con cl\u00ednicas de rehabilitaci\u00f3n, le hizo una invitaci\u00f3n para que acudiera a curarse, \u00bfQu\u00e9 respondi\u00f3 el artista?, te contamos.<\/p>\n\n\n\n<p class=\"wp-block-paragraph\">Recordemos que Montero estuvo en medio de la pol\u00e9mica en meses pasados debido a que el productor Juan Osorio revel\u00f3 que el tambi\u00e9n actor no se present\u00f3 a la grabaci\u00f3n del \u00faltimo cap\u00edtulo de la serie &#8220;El \u00faltimo rey&#8221;, una producci\u00f3n que contar\u00eda la vida de Vicente Fern\u00e1ndez y donde el int\u00e9rprete de &#8220;Con ganas de amar&#8221; fue la estrella, sin embargo, el material no sali\u00f3 a la luz porque no estaba autorizado.<\/p>\n\n\n\n<p class=\"wp-block-paragraph\">Tras las versiones de su adicci\u00f3n a la bebida y la tendida de mano de Ch\u00e1vez, Pablo dijo a medios de comunicaci\u00f3n.<\/p>\n\n\n\n<p class=\"wp-block-paragraph\">&#8220;Eso ya pas\u00f3, no quiero hablar de eso. Yo lo que te tengo que decir es que estoy contento, tengo mucho trabajo, as\u00ed pueda decir quien tenga que decir, el \u00fanico que tiene la \u00faltima palabra soy yo, nadie puede hablar por m\u00ed, yo soy el que tengo que decirlo y aqu\u00ed estoy dando la cara&#8221;.<\/p>\n","protected":false},"excerpt":{"rendered":"<p>No es un secreto que el cantante Pablo Montero ha levantado diversas especulaciones con respecto a su problema de alcoholismo y aunque en otras ocasiones ha negado necesitar ayuda profesional, el boxeador Julio C\u00e9sar Ch\u00e1vez, quien cuenta con cl\u00ednicas de rehabilitaci\u00f3n, le hizo una invitaci\u00f3n para que acudiera a curarse, \u00bfQu\u00e9 respondi\u00f3 el artista?, te [&hellip;]<\/p>\n","protected":false},"author":81,"featured_media":231330,"comment_status":"closed","ping_status":"closed","sticky":false,"template":"","format":"standard","meta":{"footnotes":""},"categories":[38],"tags":[],"class_list":["post-231329","post","type-post","status-publish","format-standard","has-post-thumbnail","hentry","category-show"],"_links":{"self":[{"href":"https:\/\/plazajuarez.mx\/historico\/wp-json\/wp\/v2\/posts\/231329","targetHints":{"allow":["GET"]}}],"collection":[{"href":"https:\/\/plazajuarez.mx\/historico\/wp-json\/wp\/v2\/posts"}],"about":[{"href":"https:\/\/plazajuarez.mx\/historico\/wp-json\/wp\/v2\/types\/post"}],"author":[{"embeddable":true,"href":"https:\/\/plazajuarez.mx\/historico\/wp-json\/wp\/v2\/users\/81"}],"replies":[{"embeddable":true,"href":"https:\/\/plazajuarez.mx\/historico\/wp-json\/wp\/v2\/comments?post=231329"}],"version-history":[{"count":0,"href":"https:\/\/plazajuarez.mx\/historico\/wp-json\/wp\/v2\/posts\/231329\/revisions"}],"wp:featuredmedia":[{"embeddable":true,"href":"https:\/\/plazajuarez.mx\/historico\/wp-json\/wp\/v2\/media\/231330"}],"wp:attachment":[{"href":"https:\/\/plazajuarez.mx\/historico\/wp-json\/wp\/v2\/media?parent=231329"}],"wp:term":[{"taxonomy":"category","embeddable":true,"href":"https:\/\/plazajuarez.mx\/historico\/wp-json\/wp\/v2\/categories?post=231329"},{"taxonomy":"post_tag","embeddable":true,"href":"https:\/\/plazajuarez.mx\/historico\/wp-json\/wp\/v2\/tags?post=231329"}],"curies":[{"name":"wp","href":"https:\/\/api.w.org\/{rel}","templated":true}]}}