{"id":231067,"date":"2022-09-23T09:05:30","date_gmt":"2022-09-23T14:05:30","guid":{"rendered":"https:\/\/plazajuarez.mx\/?p=231067"},"modified":"2022-09-23T09:05:36","modified_gmt":"2022-09-23T14:05:36","slug":"sonar","status":"publish","type":"post","link":"https:\/\/plazajuarez.mx\/historico\/sonar\/","title":{"rendered":"SO\u00d1AR"},"content":{"rendered":"\n<h2 class=\"wp-block-heading\">ALFIL NEGRO<\/h2>\n\n\n\n<p>A veces, o muchas veces<\/p>\n\n\n\n<p>Sue\u00f1o tantas, tantas cosas,<\/p>\n\n\n\n<p>Que vuelo entre las estrellas<\/p>\n\n\n\n<p>Y soy viajero del tiempo,<\/p>\n\n\n\n<p>Combatiente all\u00e1 en Alecia<\/p>\n\n\n\n<p>Muy cerca de Julio C\u00e9sar,<\/p>\n\n\n\n<p>Caminando y escuchando<\/p>\n\n\n\n<p>A S\u00f3crates y a Epicuro,<\/p>\n\n\n\n<p>Soy alumno de Plat\u00f3n<\/p>\n\n\n\n<p>De Arist\u00f3teles y Hegel,<\/p>\n\n\n\n<p>Y sentado en la ladera<\/p>\n\n\n\n<p>Escucho al Maestro hablar<\/p>\n\n\n\n<p>El Serm\u00f3n de la monta\u00f1a<\/p>\n\n\n\n<p>Bienaventuranzas santas,<\/p>\n\n\n\n<p>Que nos llenan de esperanza<\/p>\n\n\n\n<p>De luz y fuerza al andar,<\/p>\n\n\n\n<p>Mientras el lago sagrado<\/p>\n\n\n\n<p>Tiber\u00edades de los peces<\/p>\n\n\n\n<p>Es tormenta y paz igual.<\/p>\n\n\n\n<p>Soy un viajero del tiempo<\/p>\n\n\n\n<p>Y camino con mi madre<\/p>\n\n\n\n<p>Aquel sendero de tierra,<\/p>\n\n\n\n<p>Y como en aquellos d\u00edas<\/p>\n\n\n\n<p>Canto lo que le gustaba<\/p>\n\n\n\n<p>\u201cDos arbolitos\u201d tan bellos,<\/p>\n\n\n\n<p>Ir juntos a la capilla<\/p>\n\n\n\n<p>De nuestro padre Jes\u00fas,<\/p>\n\n\n\n<p>Rezar con gran devoci\u00f3n<\/p>\n\n\n\n<p>Padre Nuestro y a Mar\u00eda,<\/p>\n\n\n\n<p>Mientras en el parque juegan<\/p>\n\n\n\n<p>Ni\u00f1os que despu\u00e9s se fueron,<\/p>\n\n\n\n<p>Pero viajero del tiempo<\/p>\n\n\n\n<p>Los sigo viendo peque\u00f1os,<\/p>\n\n\n\n<p>Aunque muchos son abuelos<\/p>\n\n\n\n<p>Y otros ya se marcharon.<\/p>\n\n\n\n<p>Sue\u00f1o que soy importante<\/p>\n\n\n\n<p>Todo mundo me saluda,<\/p>\n\n\n\n<p>M\u00e1s de uno hasta se inclina<\/p>\n\n\n\n<p>Se descubren la cabeza,<\/p>\n\n\n\n<p>De \u201cSe\u00f1or\u201d nadie me baja,<\/p>\n\n\n\n<p>Yo decido y yo ordeno,<\/p>\n\n\n\n<p>Soy el poder del camino<\/p>\n\n\n\n<p>Y la luz que los alumbra,<\/p>\n\n\n\n<p>Aunque despierto y me miro<\/p>\n\n\n\n<p>Nada ha cambiado en mi vida,<\/p>\n\n\n\n<p>Soy el mismo caminante<\/p>\n\n\n\n<p>Con ilusiones y penas,<\/p>\n\n\n\n<p>Feliz de ver a mis hijos<\/p>\n\n\n\n<p>A mi esposa y mis hermanos,<\/p>\n\n\n\n<p>No me interesa la estatua<\/p>\n\n\n\n<p>Que pensaba entre mis sue\u00f1os,<\/p>\n\n\n\n<p>Prefiero ver a mi gente<\/p>\n\n\n\n<p>Sanos y con trabajo,<\/p>\n\n\n\n<p>Honrados y siempre leales,<\/p>\n\n\n\n<p>Lo dem\u00e1s, lo dem\u00e1s sale sobrando.<\/p>\n\n\n\n<p>Sue\u00f1o en escalar monta\u00f1as<\/p>\n\n\n\n<p>El Everest y Aconcagua,<\/p>\n\n\n\n<p>En sumergirme en oc\u00e9anos<\/p>\n\n\n\n<p>En Java o en las Marianas,<\/p>\n\n\n\n<p>En cruzar desfiladeros<\/p>\n\n\n\n<p>Con elefantes de guerra<\/p>\n\n\n\n<p>Como hizo el gran An\u00edbal,<\/p>\n\n\n\n<p>O en llega a la luna<\/p>\n\n\n\n<p>O Marte o hasta saturno,<\/p>\n\n\n\n<p>Viajar siempre todo el tiempo<\/p>\n\n\n\n<p>Caminar toda la vida<\/p>\n\n\n\n<p>Hasta el fin de la calzada.<\/p>\n\n\n\n<p>Sue\u00f1o en que al cerrar los ojos<\/p>\n\n\n\n<p>Mis hijos est\u00e9n conmigo,<\/p>\n\n\n\n<p>Ni se diga mi se\u00f1ora<\/p>\n\n\n\n<p>Mis hermanos y amigos,<\/p>\n\n\n\n<p>Para decirles muy quieto<\/p>\n\n\n\n<p>Que por ellos todo vale,<\/p>\n\n\n\n<p>Que su amor y su cari\u00f1o<\/p>\n\n\n\n<p>Ser\u00e1n lo que determine<\/p>\n\n\n\n<p>Mi suerte en el m\u00e1s all\u00e1.<\/p>\n\n\n\n<p>Sue\u00f1o en mi \u00e1rbol de peras<\/p>\n\n\n\n<p>Y en sus nidos de gorriones,<\/p>\n\n\n\n<p>En un colibr\u00ed de acero<\/p>\n\n\n\n<p>Y en una nube qu\u00e9 pasa,<\/p>\n\n\n\n<p>Y ya con la noche encima<\/p>\n\n\n\n<p>En una luna tan blanca<\/p>\n\n\n\n<p>Plata pura de las minas,<\/p>\n\n\n\n<p>Y estrellas que se encienden<\/p>\n\n\n\n<p>Y se apagan con la lluvia,<\/p>\n\n\n\n<p>Y el viento que en las calles<\/p>\n\n\n\n<p>Es caballo fiero y brusco<\/p>\n\n\n\n<p>Sin charro que lo domine<\/p>\n\n\n\n<p>Ni fuete que lo controle.<\/p>\n\n\n\n<p>Sue\u00f1o y sue\u00f1o todo el tiempo,<\/p>\n\n\n\n<p>Porque al paso de los a\u00f1os<\/p>\n\n\n\n<p>S\u00f3lo nos queda so\u00f1ar,<\/p>\n\n\n\n<p>Sabiendo como sabemos,<\/p>\n\n\n\n<p>Que como dijo el poeta<\/p>\n\n\n\n<p>Don Calderon de la Barca:<\/p>\n\n\n\n<p>\u201c\u00bfQu\u00e9 es la vida? Una ilusi\u00f3n,<\/p>\n\n\n\n<p>Una sombra, una ficci\u00f3n,<\/p>\n\n\n\n<p>Y el mayor bien es peque\u00f1o,<\/p>\n\n\n\n<p>Que toda la vida es sue\u00f1o,<\/p>\n\n\n\n<p>Y los sue\u00f1os, sue\u00f1os son\u201d.<\/p>\n","protected":false},"excerpt":{"rendered":"<p>ALFIL NEGRO A veces, o muchas veces Sue\u00f1o tantas, tantas cosas, Que vuelo entre las estrellas Y soy viajero del tiempo, Combatiente all\u00e1 en Alecia Muy cerca de Julio C\u00e9sar, Caminando y escuchando A S\u00f3crates y a Epicuro, Soy alumno de Plat\u00f3n De Arist\u00f3teles y Hegel, Y sentado en la ladera Escucho al Maestro hablar [&hellip;]<\/p>\n","protected":false},"author":83,"featured_media":208526,"comment_status":"closed","ping_status":"closed","sticky":false,"template":"","format":"standard","meta":{"footnotes":""},"categories":[48,42],"tags":[],"class_list":["post-231067","post","type-post","status-publish","format-standard","has-post-thumbnail","hentry","category-adalberto-peralta","category-nuestrapalabra"],"_links":{"self":[{"href":"https:\/\/plazajuarez.mx\/historico\/wp-json\/wp\/v2\/posts\/231067","targetHints":{"allow":["GET"]}}],"collection":[{"href":"https:\/\/plazajuarez.mx\/historico\/wp-json\/wp\/v2\/posts"}],"about":[{"href":"https:\/\/plazajuarez.mx\/historico\/wp-json\/wp\/v2\/types\/post"}],"author":[{"embeddable":true,"href":"https:\/\/plazajuarez.mx\/historico\/wp-json\/wp\/v2\/users\/83"}],"replies":[{"embeddable":true,"href":"https:\/\/plazajuarez.mx\/historico\/wp-json\/wp\/v2\/comments?post=231067"}],"version-history":[{"count":0,"href":"https:\/\/plazajuarez.mx\/historico\/wp-json\/wp\/v2\/posts\/231067\/revisions"}],"wp:featuredmedia":[{"embeddable":true,"href":"https:\/\/plazajuarez.mx\/historico\/wp-json\/wp\/v2\/media\/208526"}],"wp:attachment":[{"href":"https:\/\/plazajuarez.mx\/historico\/wp-json\/wp\/v2\/media?parent=231067"}],"wp:term":[{"taxonomy":"category","embeddable":true,"href":"https:\/\/plazajuarez.mx\/historico\/wp-json\/wp\/v2\/categories?post=231067"},{"taxonomy":"post_tag","embeddable":true,"href":"https:\/\/plazajuarez.mx\/historico\/wp-json\/wp\/v2\/tags?post=231067"}],"curies":[{"name":"wp","href":"https:\/\/api.w.org\/{rel}","templated":true}]}}