{"id":230947,"date":"2022-09-22T08:28:56","date_gmt":"2022-09-22T13:28:56","guid":{"rendered":"https:\/\/plazajuarez.mx\/?p=230947"},"modified":"2022-09-22T08:29:02","modified_gmt":"2022-09-22T13:29:02","slug":"catolicos-indignados-exigen-destitucion-del-parroco","status":"publish","type":"post","link":"https:\/\/plazajuarez.mx\/historico\/catolicos-indignados-exigen-destitucion-del-parroco\/","title":{"rendered":"Cat\u00f3licos indignados exigen destituci\u00f3n del P\u00e1rroco\u00a0"},"content":{"rendered":"\n<p>Zapotl\u00e1n de Ju\u00e1rez.- Habitantes cat\u00f3licos del municipio de Zapotl\u00e1n de Ju\u00e1rez, acusan que las autoridades de la Iglesia no los han apoyado con la petici\u00f3n de que quiten al p\u00e1rroco Francisco Jes\u00fas Contreras Figueroa, quien brinda sus servicios en el templo de la Inmaculada Concepci\u00f3n de Mar\u00eda; exponen que existen malos tratos, abusos a la autoridad y reducci\u00f3n de servicios pastorales, adem\u00e1s de que despidi\u00f3 a gente que estaba en el servicio ministerial, pasando por alto las costumbres y tradiciones.\u00a0<\/p>\n\n\n\n<p>Los afectados han enviado cartas elaboradas respecto a los lamentables hechos en las siguientes fechas: 5 de agosto 2022, Arzobispado con el Pbro. Arturo Jimenez Gonz\u00e1lez, Vicario general de la Di\u00f3cesis de Tulancingo; 10 de agosto en la vicar\u00eda de la foran\u00eda de Tizayuca; 14 de agosto, con el encargado de los casos jur\u00eddicos en la Di\u00f3cesis de Tulancingo; 18 de agosto, en la Nunciatura Apost\u00f3lica de la CDMX.&nbsp;<\/p>\n\n\n\n<p>En las solicitudes, anexaron la primera carta que recibi\u00f3 el Arzobispo de la Arquidi\u00f3cesis de Tulancingo, Domingo D\u00edaz Mart\u00ednez, en la cual solicitaron un padre que fuera cercano al pueblo y a la historia de la Iglesia y que continuara con proyectos pastorales que ya realizaban.&nbsp;<\/p>\n\n\n\n<p>Cabe destacar que en 20 d\u00edas, los ciudadanos recabaron 1,200 firmas, testimonios, videos y material con el que respaldan el por qu\u00e9 quieren un cambio de p\u00e1rroco.<\/p>\n\n\n\n<p>En las iglesias cercanas no les quieren brindar ning\u00fan servicio de sacramentos, indicaron que les preguntan de d\u00f3nde vienen y los quieren castigar sin dar servicio por lo que ha estado ocurriendo en la parroquia.<\/p>\n","protected":false},"excerpt":{"rendered":"<p>Zapotl\u00e1n de Ju\u00e1rez.- Habitantes cat\u00f3licos del municipio de Zapotl\u00e1n de Ju\u00e1rez, acusan que las autoridades de la Iglesia no los han apoyado con la petici\u00f3n de que quiten al p\u00e1rroco Francisco Jes\u00fas Contreras Figueroa, quien brinda sus servicios en el templo de la Inmaculada Concepci\u00f3n de Mar\u00eda; exponen que existen malos tratos, abusos a la [&hellip;]<\/p>\n","protected":false},"author":78,"featured_media":230948,"comment_status":"closed","ping_status":"closed","sticky":false,"template":"","format":"standard","meta":{"footnotes":""},"categories":[2159,40],"tags":[],"class_list":["post-230947","post","type-post","status-publish","format-standard","has-post-thumbnail","hentry","category-noticias-de-hidalgo","category-region"],"_links":{"self":[{"href":"https:\/\/plazajuarez.mx\/historico\/wp-json\/wp\/v2\/posts\/230947","targetHints":{"allow":["GET"]}}],"collection":[{"href":"https:\/\/plazajuarez.mx\/historico\/wp-json\/wp\/v2\/posts"}],"about":[{"href":"https:\/\/plazajuarez.mx\/historico\/wp-json\/wp\/v2\/types\/post"}],"author":[{"embeddable":true,"href":"https:\/\/plazajuarez.mx\/historico\/wp-json\/wp\/v2\/users\/78"}],"replies":[{"embeddable":true,"href":"https:\/\/plazajuarez.mx\/historico\/wp-json\/wp\/v2\/comments?post=230947"}],"version-history":[{"count":0,"href":"https:\/\/plazajuarez.mx\/historico\/wp-json\/wp\/v2\/posts\/230947\/revisions"}],"wp:featuredmedia":[{"embeddable":true,"href":"https:\/\/plazajuarez.mx\/historico\/wp-json\/wp\/v2\/media\/230948"}],"wp:attachment":[{"href":"https:\/\/plazajuarez.mx\/historico\/wp-json\/wp\/v2\/media?parent=230947"}],"wp:term":[{"taxonomy":"category","embeddable":true,"href":"https:\/\/plazajuarez.mx\/historico\/wp-json\/wp\/v2\/categories?post=230947"},{"taxonomy":"post_tag","embeddable":true,"href":"https:\/\/plazajuarez.mx\/historico\/wp-json\/wp\/v2\/tags?post=230947"}],"curies":[{"name":"wp","href":"https:\/\/api.w.org\/{rel}","templated":true}]}}