{"id":230944,"date":"2022-09-22T08:24:15","date_gmt":"2022-09-22T13:24:15","guid":{"rendered":"https:\/\/plazajuarez.mx\/?p=230944"},"modified":"2022-09-22T08:24:21","modified_gmt":"2022-09-22T13:24:21","slug":"un-desvelo-por-cada-recuerdo","status":"publish","type":"post","link":"https:\/\/plazajuarez.mx\/historico\/un-desvelo-por-cada-recuerdo\/","title":{"rendered":"Un desvelo por cada recuerdo"},"content":{"rendered":"\n<h2 class=\"wp-block-heading\"><em>Letras y Memorias<\/em><\/h2>\n\n\n\n<p>Con la espalda molida por figurativos garrotazos, tecleo tan pronto como los dedos me permitan, para poder mantener intacta la idea, la memoria de la \u00faltima noche que creo haber dormido y descansado, todo en el mismo acto. Porque lo verdadero es que llegada cierta edad, uno a veces duerme pero el cuerpo amanece devastado, y a veces, con poco vuelo y sue\u00f1o, el alma reposa aliviada y siente c\u00f3mo la fatiga se evapora.&nbsp;<\/p>\n\n\n\n<p>Luego entonces, con los Dioses que podemos tocar como testigos, una muy elaborada telara\u00f1a de recuerdos se teje frente a la apagada mirada que sirve para leer que las letras formen palabras y las palabras se conjunten en oraciones cuerdas, por decir algo. Y es as\u00ed que con la Aurora de la tarde hidalguense, y con los pies helados y entumecidos, brotan los susodichos recuerdos.<\/p>\n\n\n\n<ol class=\"wp-block-list\"><li><strong><br><\/strong>Apenas hab\u00eda logrado conciliar el sue\u00f1o, sin tantas ganas he de mencionar, cuando la ventana de la planta alta captur\u00f3 un reflejo que resultaba ajeno a la Luna, la curiosidad gatuna o la l\u00e1mpara de noche. Ese reflejo me vio, me observ\u00f3 con brillo anal\u00edtico pero cauteloso y despu\u00e9s se march\u00f3. Y entre sue\u00f1os pens\u00e9 que todo era producto de la cabeza aturdida, pero el sudor fr\u00edo me hizo ver que no, que no era fantas\u00eda y tampoco una pesadilla.<br><\/li><li><br>Una almohada suave aloj\u00f3 la esperanza de dormir bien por vez primera en lo que va del mes, y cuando parec\u00eda que la noche fr\u00eda ser\u00eda, quiz\u00e1, larga; la angustia de los deberes no cumplidos o pendientes imaginarios, alert\u00f3 al cerebro, quien de inmediato me hizo abrir los ojos. \u201cPort\u00f3n cerrado, ropa lista; la cena del gato en su plato. Correos enviados, deudas creciendo, pero no tanto\u2026\u201d. Se cerraron los ojos y por unos segundos di por hecho que nada estaba pendiente, que lo urgente ya se hab\u00eda resuelto o hasta consumado. Mazazo en la cabeza, de nuevo. \u201cYa es muy tarde para estar dormido, ya debo estar en camino\u201d. Como resorte, los m\u00fasculos que no reposaban pusieron en alerta al esqueleto entero y, como si de una cruel broma se tratase, el reloj apenas marcaba las 2:14. \u201cSoy demasiado viejo como para entender c\u00f3mo es que funciona el tiempo\u201d.<br><\/li><li>&nbsp;<br>Puede ser que en ciertos momentos, el coraz\u00f3n crea que no se puede latir otra vez como en anta\u00f1o el oto\u00f1o le vio latir. Puede ser, que si un d\u00eda vimos a alguien, ma\u00f1ana el destino nos arrebate todo y entonces ya no nos volvamos a ver. Suelo creer que cuando m\u00e1s calma hay dentro de la habitaci\u00f3n en donde reposamos, m\u00e1s golpes de nostalgia se acumulan en el pecho, en los pies cansados de andar solos por los sitios donde antes nos vimos acompa\u00f1ados\u2026 Y esos golpes tremendos, esos golpes de aquello que se fue para siempre, dejan moretones en el alma, dejan adormecidos los m\u00fasculos responsables de poner sonrisas leg\u00edtimas en el rostro, y dejan tambi\u00e9n vac\u00edas las horas de sue\u00f1o, de utop\u00eda y anhelo. Puede ser que en ciertos momentos, uno se desvele analizando si es viable viajar en el tiempo con tal de recuperar determinados sucesos, cambiar un poquito las circunstancias s\u00f3lo para saber \u201c\u00bfqu\u00e9 hubiera pasado si..?\u201d; puede ser entonces que en ciertos momentos, uno se ponga la pijama, apapache la almohada, y clave la mirada en el techo, desvel\u00e1ndose a lo pendejo.<\/li><\/ol>\n\n\n\n<p><strong>\u00a1Hasta el pr\u00f3ximo jueves!<\/strong><\/p>\n\n\n\n<p><strong>Postdata: <\/strong><em>No importa qu\u00e9 haga la vida de nosotros\u2026 siempre habr\u00e1 una noche, un recuerdo, un motivo que nos cause desvelos.<\/em><\/p>\n\n\n\n<p><strong>Mi Twitter: <\/strong><em>@CamaradaEslava<\/em><\/p>\n\n\n\n<p><strong>Mi correo electr\u00f3nico: <\/strong><a href=\"mailto:osmareslava@plazajuarez.mx\/historico\/historico\"><em>osmareslava@plazajuarez.mx\/historico\/historico<\/em><\/a><em>&nbsp;<\/em><\/p>\n","protected":false},"excerpt":{"rendered":"<p>Letras y Memorias Con la espalda molida por figurativos garrotazos, tecleo tan pronto como los dedos me permitan, para poder mantener intacta la idea, la memoria de la \u00faltima noche que creo haber dormido y descansado, todo en el mismo acto. Porque lo verdadero es que llegada cierta edad, uno a veces duerme pero el [&hellip;]<\/p>\n","protected":false},"author":95,"featured_media":208788,"comment_status":"closed","ping_status":"closed","sticky":false,"template":"","format":"standard","meta":{"footnotes":""},"categories":[42,84],"tags":[],"class_list":["post-230944","post","type-post","status-publish","format-standard","has-post-thumbnail","hentry","category-nuestrapalabra","category-osmar-eslava-marquez"],"_links":{"self":[{"href":"https:\/\/plazajuarez.mx\/historico\/wp-json\/wp\/v2\/posts\/230944","targetHints":{"allow":["GET"]}}],"collection":[{"href":"https:\/\/plazajuarez.mx\/historico\/wp-json\/wp\/v2\/posts"}],"about":[{"href":"https:\/\/plazajuarez.mx\/historico\/wp-json\/wp\/v2\/types\/post"}],"author":[{"embeddable":true,"href":"https:\/\/plazajuarez.mx\/historico\/wp-json\/wp\/v2\/users\/95"}],"replies":[{"embeddable":true,"href":"https:\/\/plazajuarez.mx\/historico\/wp-json\/wp\/v2\/comments?post=230944"}],"version-history":[{"count":0,"href":"https:\/\/plazajuarez.mx\/historico\/wp-json\/wp\/v2\/posts\/230944\/revisions"}],"wp:featuredmedia":[{"embeddable":true,"href":"https:\/\/plazajuarez.mx\/historico\/wp-json\/wp\/v2\/media\/208788"}],"wp:attachment":[{"href":"https:\/\/plazajuarez.mx\/historico\/wp-json\/wp\/v2\/media?parent=230944"}],"wp:term":[{"taxonomy":"category","embeddable":true,"href":"https:\/\/plazajuarez.mx\/historico\/wp-json\/wp\/v2\/categories?post=230944"},{"taxonomy":"post_tag","embeddable":true,"href":"https:\/\/plazajuarez.mx\/historico\/wp-json\/wp\/v2\/tags?post=230944"}],"curies":[{"name":"wp","href":"https:\/\/api.w.org\/{rel}","templated":true}]}}