{"id":230804,"date":"2022-09-21T10:22:00","date_gmt":"2022-09-21T15:22:00","guid":{"rendered":"https:\/\/plazajuarez.mx\/?p=230804"},"modified":"2022-09-21T11:17:27","modified_gmt":"2022-09-21T16:17:27","slug":"andrea-escalona-no-descarta-dar-a-luz-en-vivo","status":"publish","type":"post","link":"https:\/\/plazajuarez.mx\/historico\/andrea-escalona-no-descarta-dar-a-luz-en-vivo\/","title":{"rendered":"Andrea Escalona no descarta dar a luz en vivo"},"content":{"rendered":"\n<p>Andrea Escalona vive una de las etapas m\u00e1s importantes de su vida, la dulce espera de su primer beb\u00e9, pero a diferencia de muchas otras famosas, la conductora ha decidido no esconder este proceso, por el contrario abri\u00f3 las puertas de su vida al p\u00fablico con quienes ha compartido cada detalle de su embarazo.<\/p>\n\n\n\n<p>A trav\u00e9s de sus redes sociales y de las c\u00e1maras del programa &#8220;Hoy&#8221; los televidentes han podido ser testigos de momentos sumamente especiales, como el anuncio de que se convertir\u00eda en madre, su primer ultrasonido y hasta la revelaci\u00f3n del g\u00e9nero del beb\u00e9, \u00b4por lo que no descarta la idea de que el p\u00fablico tambi\u00e9n pueda formar parte del nacimiento de su hijo. En un reciente encuentro con los medios, la presentadora revel\u00f3 que todav\u00eda no ha decidido el m\u00e9todo por el cual su hijo llegar\u00e1 al mundo, pero le encantar\u00eda dar a luz en una transmisi\u00f3n en vivo.<\/p>\n","protected":false},"excerpt":{"rendered":"<p>Andrea Escalona vive una de las etapas m\u00e1s importantes de su vida, la dulce espera de su primer beb\u00e9, pero a diferencia de muchas otras famosas, la conductora ha decidido no esconder este proceso, por el contrario abri\u00f3 las puertas de su vida al p\u00fablico con quienes ha compartido cada detalle de su embarazo. A [&hellip;]<\/p>\n","protected":false},"author":81,"featured_media":230807,"comment_status":"closed","ping_status":"closed","sticky":false,"template":"","format":"standard","meta":{"footnotes":""},"categories":[38],"tags":[],"class_list":["post-230804","post","type-post","status-publish","format-standard","has-post-thumbnail","hentry","category-show"],"_links":{"self":[{"href":"https:\/\/plazajuarez.mx\/historico\/wp-json\/wp\/v2\/posts\/230804","targetHints":{"allow":["GET"]}}],"collection":[{"href":"https:\/\/plazajuarez.mx\/historico\/wp-json\/wp\/v2\/posts"}],"about":[{"href":"https:\/\/plazajuarez.mx\/historico\/wp-json\/wp\/v2\/types\/post"}],"author":[{"embeddable":true,"href":"https:\/\/plazajuarez.mx\/historico\/wp-json\/wp\/v2\/users\/81"}],"replies":[{"embeddable":true,"href":"https:\/\/plazajuarez.mx\/historico\/wp-json\/wp\/v2\/comments?post=230804"}],"version-history":[{"count":0,"href":"https:\/\/plazajuarez.mx\/historico\/wp-json\/wp\/v2\/posts\/230804\/revisions"}],"wp:featuredmedia":[{"embeddable":true,"href":"https:\/\/plazajuarez.mx\/historico\/wp-json\/wp\/v2\/media\/230807"}],"wp:attachment":[{"href":"https:\/\/plazajuarez.mx\/historico\/wp-json\/wp\/v2\/media?parent=230804"}],"wp:term":[{"taxonomy":"category","embeddable":true,"href":"https:\/\/plazajuarez.mx\/historico\/wp-json\/wp\/v2\/categories?post=230804"},{"taxonomy":"post_tag","embeddable":true,"href":"https:\/\/plazajuarez.mx\/historico\/wp-json\/wp\/v2\/tags?post=230804"}],"curies":[{"name":"wp","href":"https:\/\/api.w.org\/{rel}","templated":true}]}}