{"id":230796,"date":"2022-09-21T10:22:00","date_gmt":"2022-09-21T15:22:00","guid":{"rendered":"https:\/\/plazajuarez.mx\/?p=230796"},"modified":"2022-09-21T11:17:37","modified_gmt":"2022-09-21T16:17:37","slug":"el-legado-de-juan-gabriel-en-teatro","status":"publish","type":"post","link":"https:\/\/plazajuarez.mx\/historico\/el-legado-de-juan-gabriel-en-teatro\/","title":{"rendered":"El legado de Juan Gabriel, en teatro"},"content":{"rendered":"\n<p>A seis a\u00f1os de la muerte del cantante mexicano Juan Gabriel, su m\u00fasica revivir\u00e1 en los escenarios con el espect\u00e1culo de circo, baile y m\u00fasica &#8220;Cirque M\u00fasica Querida&#8221;, una puesta en escena avalada por su hijo, Iv\u00e1n Aguilera, que promete recrear &#8220;la magia&#8221; de uno de los compositores m\u00e1s queridos del pa\u00eds.<\/p>\n\n\n\n<p>&#8220;Es una enorme responsabilidad para todos nosotros. Es un artista \u00fanico e irrepetible, sabemos todo lo que representa para la cultura y aspiramos a honrar la trayectoria de este artista de la manera m\u00e1s humilde&#8221;, asegur\u00f3 en conferencia de prensa el productor teatral Morris Gilbert.<\/p>\n\n\n\n<p>El evento que tendr\u00e1 lugar el 20 de octubre en el Teatro San Rafael, est\u00e1 conformado por 30 canciones del repertorio de Juan Gabriel, que fueron elegidas de todo su cat\u00e1logo despu\u00e9s de una exhaustiva investigaci\u00f3n y consulta entre gente de todas las edades sobre cu\u00e1les eran los temas favoritos del p\u00fablico.<\/p>\n\n\n\n<p>&#8220;Fue una combinaci\u00f3n del gusto de muchas generaciones, pero el rango de las canciones favoritas fue incre\u00edblemente amplio, por lo que fue muy dif\u00edcil elegir&#8221;, asegur\u00f3 Antoinette DiPietropolo, directora y core\u00f3grafa del espect\u00e1culo.<\/p>\n\n\n\n<p>Para DiPietropolo, tambi\u00e9n encargada del departamento de circo, encontrarse con Juan Gabriel fue todo un descubrimiento, pues jam\u00e1s imagin\u00f3 el cari\u00f1o y la popularidad de la que gozaba el \u00edcono.<\/p>\n\n\n\n<p>&#8220;Para m\u00ed este show es muy diferente a todo lo que he hecho alrededor del mundo, porque la m\u00fasica, la coreograf\u00eda, el baile y el circo, todo lo que lo conecta es Juan Gabriel y estoy sorprendida porque salgo a la calle y escucho sus canciones, est\u00e1 tan metido en la cultura, amo toda la magia que pasa en el escenario, porque es la misma que pasa en la vida con su m\u00fasica&#8221;, ahond\u00f3.<\/p>\n","protected":false},"excerpt":{"rendered":"<p>A seis a\u00f1os de la muerte del cantante mexicano Juan Gabriel, su m\u00fasica revivir\u00e1 en los escenarios con el espect\u00e1culo de circo, baile y m\u00fasica &#8220;Cirque M\u00fasica Querida&#8221;, una puesta en escena avalada por su hijo, Iv\u00e1n Aguilera, que promete recrear &#8220;la magia&#8221; de uno de los compositores m\u00e1s queridos del pa\u00eds. &#8220;Es una enorme [&hellip;]<\/p>\n","protected":false},"author":80,"featured_media":230806,"comment_status":"closed","ping_status":"closed","sticky":false,"template":"","format":"standard","meta":{"footnotes":""},"categories":[38],"tags":[],"class_list":["post-230796","post","type-post","status-publish","format-standard","has-post-thumbnail","hentry","category-show"],"_links":{"self":[{"href":"https:\/\/plazajuarez.mx\/historico\/wp-json\/wp\/v2\/posts\/230796","targetHints":{"allow":["GET"]}}],"collection":[{"href":"https:\/\/plazajuarez.mx\/historico\/wp-json\/wp\/v2\/posts"}],"about":[{"href":"https:\/\/plazajuarez.mx\/historico\/wp-json\/wp\/v2\/types\/post"}],"author":[{"embeddable":true,"href":"https:\/\/plazajuarez.mx\/historico\/wp-json\/wp\/v2\/users\/80"}],"replies":[{"embeddable":true,"href":"https:\/\/plazajuarez.mx\/historico\/wp-json\/wp\/v2\/comments?post=230796"}],"version-history":[{"count":0,"href":"https:\/\/plazajuarez.mx\/historico\/wp-json\/wp\/v2\/posts\/230796\/revisions"}],"wp:featuredmedia":[{"embeddable":true,"href":"https:\/\/plazajuarez.mx\/historico\/wp-json\/wp\/v2\/media\/230806"}],"wp:attachment":[{"href":"https:\/\/plazajuarez.mx\/historico\/wp-json\/wp\/v2\/media?parent=230796"}],"wp:term":[{"taxonomy":"category","embeddable":true,"href":"https:\/\/plazajuarez.mx\/historico\/wp-json\/wp\/v2\/categories?post=230796"},{"taxonomy":"post_tag","embeddable":true,"href":"https:\/\/plazajuarez.mx\/historico\/wp-json\/wp\/v2\/tags?post=230796"}],"curies":[{"name":"wp","href":"https:\/\/api.w.org\/{rel}","templated":true}]}}