{"id":230785,"date":"2022-09-21T08:56:12","date_gmt":"2022-09-21T13:56:12","guid":{"rendered":"https:\/\/plazajuarez.mx\/?p=230785"},"modified":"2022-09-21T08:56:18","modified_gmt":"2022-09-21T13:56:18","slug":"inicia-desalojo-de-puestos-ambulantes-en-zona-centro","status":"publish","type":"post","link":"https:\/\/plazajuarez.mx\/historico\/inicia-desalojo-de-puestos-ambulantes-en-zona-centro\/","title":{"rendered":"Inicia desalojo de puestos ambulantes en zona centro\u00a0"},"content":{"rendered":"\n<p>Tizayuca.- Elementos de la Secretar\u00eda de Seguridad Ciudadana de Tizayuca, comenzaron desde la madrugada de ayer a implementar el nuevo reglamento que entr\u00f3 en vigor el 19 de septiembre, quitando y clausurando puestos de comerciantes ambulantes y semifijos en la avenida Ju\u00e1rez; el personal de Reglamentos y Espect\u00e1culos de Tizayuca comenz\u00f3 con la colocaci\u00f3n de sellos de los puestos.\u00a0<\/p>\n\n\n\n<p>Fue alrededor de las 3:00 de la ma\u00f1ana, cuando elementos de seguridad y personal de la direcci\u00f3n de Reglamentos, colocaron sellos en casetas de puestos de peri\u00f3dicos, de tortas y en otros donde venden ropa.&nbsp;<\/p>\n\n\n\n<p>El Ayuntamiento de Tizayuca, pretende reubicar a todos los ambulantes que tienen puestos semifijos en otro lugar, mientras tanto, ya no podr\u00e1n laborar como lo han hecho hasta ahora.&nbsp;<\/p>\n\n\n\n<p>En administraciones anteriores, tambi\u00e9n movieron a comerciantes de diferentes giros a plazas y lugares espec\u00edficos, pero los afectados han manifestado que no han sido exitosos, ya que no cuentan con las mismas ventas que cuando estaban en el centro de Tizayuca.<\/p>\n","protected":false},"excerpt":{"rendered":"<p>Tizayuca.- Elementos de la Secretar\u00eda de Seguridad Ciudadana de Tizayuca, comenzaron desde la madrugada de ayer a implementar el nuevo reglamento que entr\u00f3 en vigor el 19 de septiembre, quitando y clausurando puestos de comerciantes ambulantes y semifijos en la avenida Ju\u00e1rez; el personal de Reglamentos y Espect\u00e1culos de Tizayuca comenz\u00f3 con la colocaci\u00f3n de [&hellip;]<\/p>\n","protected":false},"author":78,"featured_media":230786,"comment_status":"closed","ping_status":"closed","sticky":false,"template":"","format":"standard","meta":{"footnotes":""},"categories":[2159,40],"tags":[],"class_list":["post-230785","post","type-post","status-publish","format-standard","has-post-thumbnail","hentry","category-noticias-de-hidalgo","category-region"],"_links":{"self":[{"href":"https:\/\/plazajuarez.mx\/historico\/wp-json\/wp\/v2\/posts\/230785","targetHints":{"allow":["GET"]}}],"collection":[{"href":"https:\/\/plazajuarez.mx\/historico\/wp-json\/wp\/v2\/posts"}],"about":[{"href":"https:\/\/plazajuarez.mx\/historico\/wp-json\/wp\/v2\/types\/post"}],"author":[{"embeddable":true,"href":"https:\/\/plazajuarez.mx\/historico\/wp-json\/wp\/v2\/users\/78"}],"replies":[{"embeddable":true,"href":"https:\/\/plazajuarez.mx\/historico\/wp-json\/wp\/v2\/comments?post=230785"}],"version-history":[{"count":0,"href":"https:\/\/plazajuarez.mx\/historico\/wp-json\/wp\/v2\/posts\/230785\/revisions"}],"wp:featuredmedia":[{"embeddable":true,"href":"https:\/\/plazajuarez.mx\/historico\/wp-json\/wp\/v2\/media\/230786"}],"wp:attachment":[{"href":"https:\/\/plazajuarez.mx\/historico\/wp-json\/wp\/v2\/media?parent=230785"}],"wp:term":[{"taxonomy":"category","embeddable":true,"href":"https:\/\/plazajuarez.mx\/historico\/wp-json\/wp\/v2\/categories?post=230785"},{"taxonomy":"post_tag","embeddable":true,"href":"https:\/\/plazajuarez.mx\/historico\/wp-json\/wp\/v2\/tags?post=230785"}],"curies":[{"name":"wp","href":"https:\/\/api.w.org\/{rel}","templated":true}]}}