{"id":230782,"date":"2022-09-21T08:53:52","date_gmt":"2022-09-21T13:53:52","guid":{"rendered":"https:\/\/plazajuarez.mx\/?p=230782"},"modified":"2022-09-21T08:53:57","modified_gmt":"2022-09-21T13:53:57","slug":"invirtio-tulantepec-casi-2-mdp-en-instalacion-de-c2","status":"publish","type":"post","link":"https:\/\/plazajuarez.mx\/historico\/invirtio-tulantepec-casi-2-mdp-en-instalacion-de-c2\/","title":{"rendered":"Invirti\u00f3 Tulantepec casi 2 mdp en instalaci\u00f3n de C2"},"content":{"rendered":"\n<p>Santiago Tulantepec.- El Centro de Monitoreo de Video Vigilancia en Santiago Tulantepec est\u00e1 por iniciar actividades con al menos 40 c\u00e1maras y la instalaci\u00f3n de sistemas de posicionamiento global (GPS) y c\u00e1maras en seis patrullas de la polic\u00eda municipal, para reforzar el tema de la seguridad p\u00fablica.<\/p>\n\n\n\n<p>Al respecto, el alcalde Dante C\u00e1rdenas Flores coment\u00f3 que el Centro de Monitoreo y Videovigilancia, conocido como C2, est\u00e1 a punto de arrancar, incluso dijo, las video c\u00e1maras ya est\u00e1n funcionando y el personal se est\u00e1 capacitando en el C5i.<\/p>\n\n\n\n<p>Inform\u00f3 que existe la posibilidad de que se ampl\u00ede el n\u00famero de c\u00e1maras a 52 o 55 dispositivos, con la colocaci\u00f3n de cuatro o cinco postes m\u00e1s.<\/p>\n\n\n\n<p>El edil asegur\u00f3 que las c\u00e1maras que se adquirieron son de muy buena calidad y de las m\u00e1s actuales, y precisamente por ese motivo, fue que se atras\u00f3 un poco, pues requer\u00edan de las m\u00e1s modernas, ya que son como los celulares, que tras varios a\u00f1os son obsoletas y no quiere que se haga un gasto a dos o tres a\u00f1os despu\u00e9s para cambiarlas, por lo que se solicit\u00f3 de las m\u00e1s modernas tecnolog\u00edas.<\/p>\n\n\n\n<p>Respecto a la operaci\u00f3n del C2, C\u00e1rdenas Flores indic\u00f3 que se ha propuesto que sean siete personas quienes se encarguen del monitoreo las 24 horas del d\u00eda, m\u00e1s un director y coment\u00f3 que de los operadores, tres o cuatro ser\u00e1n elementos de Seguridad P\u00fablica y tres ciudadanos, para que no pueda existir un posible encubrimiento entre polic\u00edas.<\/p>\n\n\n\n<p>Agreg\u00f3 que le agradar\u00eda la idea de coordinar su centro de monitoreo al C5i y, adem\u00e1s, ser\u00eda muy eficiente si Santiago, Cuautepec y Tulancingo, coordinaran sus videoc\u00e1maras, pues se tendr\u00eda una respuesta m\u00e1s eficiente y un combate m\u00e1s fuerte a la delincuencia a nivel metropolitano.<\/p>\n\n\n\n<p>La inversi\u00f3n de este C2 es de un mill\u00f3n 900 mil pesos, para su primera etapa, la cual incluye la colocaci\u00f3n de seis GPS y c\u00e1maras de video en las patrullas, para monitorear el accionar de los oficiales de polic\u00eda.<\/p>\n","protected":false},"excerpt":{"rendered":"<p>Santiago Tulantepec.- El Centro de Monitoreo de Video Vigilancia en Santiago Tulantepec est\u00e1 por iniciar actividades con al menos 40 c\u00e1maras y la instalaci\u00f3n de sistemas de posicionamiento global (GPS) y c\u00e1maras en seis patrullas de la polic\u00eda municipal, para reforzar el tema de la seguridad p\u00fablica. Al respecto, el alcalde Dante C\u00e1rdenas Flores coment\u00f3 [&hellip;]<\/p>\n","protected":false},"author":70,"featured_media":230783,"comment_status":"closed","ping_status":"closed","sticky":false,"template":"","format":"standard","meta":{"footnotes":""},"categories":[2159,40],"tags":[],"class_list":["post-230782","post","type-post","status-publish","format-standard","has-post-thumbnail","hentry","category-noticias-de-hidalgo","category-region"],"_links":{"self":[{"href":"https:\/\/plazajuarez.mx\/historico\/wp-json\/wp\/v2\/posts\/230782","targetHints":{"allow":["GET"]}}],"collection":[{"href":"https:\/\/plazajuarez.mx\/historico\/wp-json\/wp\/v2\/posts"}],"about":[{"href":"https:\/\/plazajuarez.mx\/historico\/wp-json\/wp\/v2\/types\/post"}],"author":[{"embeddable":true,"href":"https:\/\/plazajuarez.mx\/historico\/wp-json\/wp\/v2\/users\/70"}],"replies":[{"embeddable":true,"href":"https:\/\/plazajuarez.mx\/historico\/wp-json\/wp\/v2\/comments?post=230782"}],"version-history":[{"count":0,"href":"https:\/\/plazajuarez.mx\/historico\/wp-json\/wp\/v2\/posts\/230782\/revisions"}],"wp:featuredmedia":[{"embeddable":true,"href":"https:\/\/plazajuarez.mx\/historico\/wp-json\/wp\/v2\/media\/230783"}],"wp:attachment":[{"href":"https:\/\/plazajuarez.mx\/historico\/wp-json\/wp\/v2\/media?parent=230782"}],"wp:term":[{"taxonomy":"category","embeddable":true,"href":"https:\/\/plazajuarez.mx\/historico\/wp-json\/wp\/v2\/categories?post=230782"},{"taxonomy":"post_tag","embeddable":true,"href":"https:\/\/plazajuarez.mx\/historico\/wp-json\/wp\/v2\/tags?post=230782"}],"curies":[{"name":"wp","href":"https:\/\/api.w.org\/{rel}","templated":true}]}}