{"id":230745,"date":"2022-09-21T08:27:23","date_gmt":"2022-09-21T13:27:23","guid":{"rendered":"https:\/\/plazajuarez.mx\/?p=230745"},"modified":"2022-09-21T08:27:30","modified_gmt":"2022-09-21T13:27:30","slug":"hacia-una-nueva-politica-de-reflexion-2","status":"publish","type":"post","link":"https:\/\/plazajuarez.mx\/historico\/hacia-una-nueva-politica-de-reflexion-2\/","title":{"rendered":"Hacia una nueva pol\u00edtica de reflexi\u00f3n"},"content":{"rendered":"\n<h2 class=\"wp-block-heading\">RETRATOS HABLADOS<\/h2>\n\n\n\n<p>Un joven alumno que tuve en la universidad, me comentaba que cre\u00eda imposible ser testigo de la ca\u00edda del Revolucionario Institucional en Hidalgo, y mucho menos, que un candidato de oposici\u00f3n llegara a la gubernatura. Debo confesar que yo tambi\u00e9n ve\u00eda muy lejana esa posibilidad, que sin embargo empez\u00f3 a achicarse, ante una descomposici\u00f3n absoluta del tricolor en su estructura nacional, producto de una corrupci\u00f3n rampante y una tendencia a pactar y hacer lo que fuera necesario con tal de salvar el pellejo.<\/p>\n\n\n\n<p>&nbsp;&nbsp;&nbsp;&nbsp;&nbsp;&nbsp;&nbsp;&nbsp; Efectivamente, los pri\u00edstas observaron sin inquietud de ning\u00fan tipo, c\u00f3mo crec\u00eda el odio hacia su partido, no de los directamente afectados por los sexenios m\u00e1s represores, dilapidadores de recursos, sino de los j\u00f3venes, los que hoy tienen entre 18 y 30 a\u00f1os, que simplemente decidieron que esa \u00e9poca ten\u00eda que terminara costara lo que costara.<\/p>\n\n\n\n<p>&nbsp;&nbsp;&nbsp;&nbsp;&nbsp;&nbsp;&nbsp;&nbsp; Y es as\u00ed como un personaje que pasar\u00e1 a la historia como cada quien desee verlo, me refiero por supuesto al presidente L\u00f3pez Obrador, supo encarnar y conducir ese hartazgo de la ciudadan\u00eda, que hoy mismo culmina con el desmantelamiento de todo el aparato tricolor en el pa\u00eds, con el caso Hidalgo como emblema, por ser una entidad con un voto cautivo a favor de Institucional, pero que a ciencia cierta, ya no supo qu\u00e9 camino tomar ante una disputa lamentable por la candidatura.<\/p>\n\n\n\n<p>&nbsp;&nbsp;&nbsp;&nbsp;&nbsp;&nbsp;&nbsp;&nbsp; Llega pues el primer sexenio en la historia de Hidalgo surgido de la oposici\u00f3n.<\/p>\n\n\n\n<p>&nbsp;&nbsp;&nbsp;&nbsp;&nbsp;&nbsp;&nbsp;&nbsp; Llega pues el momento fundamental para observar en el nivel micro, lo que en el macro ya se ha observado, y en el que se tendr\u00e1 que definir de una vez por todas si el camino tomado es el m\u00e1s indicado.<\/p>\n\n\n\n<p>&nbsp;&nbsp;&nbsp;&nbsp;&nbsp;&nbsp;&nbsp;&nbsp; Para fortuna de todos, el hoy gobernador constitucional, Julio Menchaca, se distingue por ser un personaje con una trayectoria importante en el asunto de las leyes, no solo de su conocimiento sino de su aplicaci\u00f3n. Vaya pues, que no se conduce por consignas, y mucho menos producto del control casi mental que el jefe de la naci\u00f3n ejerce sobre sus funcionarios m\u00e1s cercanos.<\/p>\n\n\n\n<p>&nbsp;&nbsp;&nbsp;&nbsp;&nbsp;&nbsp;&nbsp;&nbsp; Sin duda dar\u00e1 prioridad a la relaci\u00f3n con el jefe de la Naci\u00f3n, porque es un principio b\u00e1sico de todo gobernante lograr mantener esa condici\u00f3n, pero tambi\u00e9n un estilo propio y, sobre todo, la capacidad de discernir, definir y decidir de acuerdo a su propia visi\u00f3n de la realidad, algo que resulta vital cuando los absolutos empiezan a tapizar la naci\u00f3n.<\/p>\n\n\n\n<p>&nbsp;&nbsp;&nbsp;&nbsp;&nbsp;&nbsp;&nbsp;&nbsp; Solo as\u00ed se entender\u00e1 a cabalidad la ca\u00edda de un sistema a\u00f1ejo como el que representaba el tricolor, y el surgimiento de una nueva visi\u00f3n de la realidad. Surgimiento que debe estar alejado del asentimiento a todo por consigna.<\/p>\n\n\n\n<p><strong>Mil gracias, hasta ma\u00f1ana.<\/strong><\/p>\n","protected":false},"excerpt":{"rendered":"<p>RETRATOS HABLADOS Un joven alumno que tuve en la universidad, me comentaba que cre\u00eda imposible ser testigo de la ca\u00edda del Revolucionario Institucional en Hidalgo, y mucho menos, que un candidato de oposici\u00f3n llegara a la gubernatura. Debo confesar que yo tambi\u00e9n ve\u00eda muy lejana esa posibilidad, que sin embargo empez\u00f3 a achicarse, ante una [&hellip;]<\/p>\n","protected":false},"author":10,"featured_media":208653,"comment_status":"closed","ping_status":"closed","sticky":false,"template":"","format":"standard","meta":{"footnotes":""},"categories":[49,42],"tags":[],"class_list":["post-230745","post","type-post","status-publish","format-standard","has-post-thumbnail","hentry","category-javier-peralta","category-nuestrapalabra"],"_links":{"self":[{"href":"https:\/\/plazajuarez.mx\/historico\/wp-json\/wp\/v2\/posts\/230745","targetHints":{"allow":["GET"]}}],"collection":[{"href":"https:\/\/plazajuarez.mx\/historico\/wp-json\/wp\/v2\/posts"}],"about":[{"href":"https:\/\/plazajuarez.mx\/historico\/wp-json\/wp\/v2\/types\/post"}],"author":[{"embeddable":true,"href":"https:\/\/plazajuarez.mx\/historico\/wp-json\/wp\/v2\/users\/10"}],"replies":[{"embeddable":true,"href":"https:\/\/plazajuarez.mx\/historico\/wp-json\/wp\/v2\/comments?post=230745"}],"version-history":[{"count":0,"href":"https:\/\/plazajuarez.mx\/historico\/wp-json\/wp\/v2\/posts\/230745\/revisions"}],"wp:featuredmedia":[{"embeddable":true,"href":"https:\/\/plazajuarez.mx\/historico\/wp-json\/wp\/v2\/media\/208653"}],"wp:attachment":[{"href":"https:\/\/plazajuarez.mx\/historico\/wp-json\/wp\/v2\/media?parent=230745"}],"wp:term":[{"taxonomy":"category","embeddable":true,"href":"https:\/\/plazajuarez.mx\/historico\/wp-json\/wp\/v2\/categories?post=230745"},{"taxonomy":"post_tag","embeddable":true,"href":"https:\/\/plazajuarez.mx\/historico\/wp-json\/wp\/v2\/tags?post=230745"}],"curies":[{"name":"wp","href":"https:\/\/api.w.org\/{rel}","templated":true}]}}