{"id":230741,"date":"2022-09-21T08:23:49","date_gmt":"2022-09-21T13:23:49","guid":{"rendered":"https:\/\/plazajuarez.mx\/?p=230741"},"modified":"2022-09-21T08:23:55","modified_gmt":"2022-09-21T13:23:55","slug":"ni-tanto-que-queme-al-santo-ni-tanto-que-no-le-alumbre","status":"publish","type":"post","link":"https:\/\/plazajuarez.mx\/historico\/ni-tanto-que-queme-al-santo-ni-tanto-que-no-le-alumbre\/","title":{"rendered":"NI TANTO QUE QUEME AL SANTO, NI TANTO QUE NO LE ALUMBRE"},"content":{"rendered":"\n<h2 class=\"wp-block-heading\">ALFIL NEGRO<\/h2>\n\n\n\n<p>Esto de gobernar ,por su importancia y sus efectos, se convierte en una ciencia para lo que no todos est\u00e1n capacitados ni preparados, aunque no faltan los que faltan los que digan que no tiene mayor ciencia y as\u00ed nos ha ido.<\/p>\n\n\n\n<p>Ahora que mire, muchas veces el depositario del poder es una persona con las virtudes para ser un buen gobernante, pero no faltan los colaboradores que se marean en el ladrillito al que los subieron y arman cada show por soberbios y engre\u00eddos, que echan a perder las buenas intenciones de su jefe.<\/p>\n\n\n\n<p>Se dan casos, se dan.<\/p>\n\n\n\n<p>El caso m\u00e1s reciente del fen\u00f3meno del poder, lo tenemos en Hidalgo con el cambio de gobernador y de partido en la gubernatura, en una alternancia que se logr\u00f3 despu\u00e9s de 93 a\u00f1os.<\/p>\n\n\n\n<p>Esto supone un nuevo modo de gobernar, pero sin variar el gran objetivo que es el mismo para todos los partidos y colores y que es el bienestar de los ciudadanos.<\/p>\n\n\n\n<p>Y es en en este \u201cnuevo estilo de gobernar\u201d, donde pueden darse acciones de algunos que pretendan encajar su visi\u00f3n pol\u00edtica y piensen que como dijo el supremo que el escenario les viene \u201ccomo anillo al dedo\u201d.<\/p>\n\n\n\n<p>Dos son los modos de ejercer el poder que no parecen muy afortunados: el de dejar pasar y dejar hacer, que finalmente termina en impunidad y corrupci\u00f3n, pero con mucho dinero para los que est\u00e1n metidos en esos negocios; y el segundo modo es el de cortar cabezas de los que entienden el poder como la oportunidad de venganzas y ajusticiamientos, muy lejos de hacer valer la ley y de darle a cada quien lo que se merece y nada m\u00e1s.<\/p>\n\n\n\n<p>Finalmente tambi\u00e9n existe una tercera v\u00eda de gobierno, la del equilibrio y la mesura, que confirma aquello de que \u201cen el justo medio est\u00e1 la virtud\u201d.<\/p>\n\n\n\n<p>El gobernador Menchaca ha dado muestras de ser un pol\u00edtico de equilibrios y no de radicalismos, firme en sus convicciones, pero hombre de leyes, lo que se refleja ya en sus actos de gobierno y eso es muy importante porque es \u00e9l quien marca el camino y el ritmo de la marcha.<\/p>\n\n\n\n<p>Sin embargo no faltan los colaboradores m\u00e1s papistas que el Papa, que entienden el poder en este momento como su oportunidad de mochar cabezas y lo que se pueda.<\/p>\n\n\n\n<p>Desde luego aportan muy poco a la gobernabilidad del estado, y en su intento de significarse como los grandes justicieros y casi inquisidores, le dan una imagen de revanchista al nuevo gobierno.<\/p>\n\n\n\n<p>En todo caso el refr\u00e1n popular de \u201cni tanto que queme al santo, ni tanto que no le alumbre\u201d es v\u00e1lido en este caso.<\/p>\n\n\n\n<p>Porque tambi\u00e9n dice el refr\u00e1n \u201cno por mucho madrugar amanece m\u00e1s temprano\u201d y que el tiempo y la vida han hecho valer aquello de \u201clo que se siembra se cosecha\u201d porque bien se\u00f1ala el libro santo \u201cel que a hierro mata a hierro muere\u201d.<\/p>\n\n\n\n<p>Si usted se pregunta qui\u00e9nes son los colaboradores de Menchaca que est\u00e1n en plan inquisidor, basta con enterarse de los que de entrada descalifican todo lo que hizo el funcionario que se fue, como si lo heredado viniera de un terremoto o de in\u00fatiles e incapaces que no sab\u00edan lo que hac\u00edan.<\/p>\n\n\n\n<p>Si de verdad tienen pruebas adelante, pero si lo hacen en un af\u00e1n de tener que encontrar corrupci\u00f3n, parece que tarde que temprano tendr\u00e1n que meter reversa.<\/p>\n\n\n\n<p>Porque Hidalgo no empieza hoy, tiene mucho camino recorrido y muchas metas alcanzadas. Lo que est\u00e9 mal se corrige, pero no es por moda que deben aparecer los justicieros y menos s\u00f3lo para lucirse, porque crean barreras que separan y lo que hace falta es unidad para avanzar.<\/p>\n","protected":false},"excerpt":{"rendered":"<p>ALFIL NEGRO Esto de gobernar ,por su importancia y sus efectos, se convierte en una ciencia para lo que no todos est\u00e1n capacitados ni preparados, aunque no faltan los que faltan los que digan que no tiene mayor ciencia y as\u00ed nos ha ido. Ahora que mire, muchas veces el depositario del poder es una [&hellip;]<\/p>\n","protected":false},"author":83,"featured_media":208526,"comment_status":"closed","ping_status":"closed","sticky":false,"template":"","format":"standard","meta":{"footnotes":""},"categories":[48,42],"tags":[],"class_list":["post-230741","post","type-post","status-publish","format-standard","has-post-thumbnail","hentry","category-adalberto-peralta","category-nuestrapalabra"],"_links":{"self":[{"href":"https:\/\/plazajuarez.mx\/historico\/wp-json\/wp\/v2\/posts\/230741","targetHints":{"allow":["GET"]}}],"collection":[{"href":"https:\/\/plazajuarez.mx\/historico\/wp-json\/wp\/v2\/posts"}],"about":[{"href":"https:\/\/plazajuarez.mx\/historico\/wp-json\/wp\/v2\/types\/post"}],"author":[{"embeddable":true,"href":"https:\/\/plazajuarez.mx\/historico\/wp-json\/wp\/v2\/users\/83"}],"replies":[{"embeddable":true,"href":"https:\/\/plazajuarez.mx\/historico\/wp-json\/wp\/v2\/comments?post=230741"}],"version-history":[{"count":0,"href":"https:\/\/plazajuarez.mx\/historico\/wp-json\/wp\/v2\/posts\/230741\/revisions"}],"wp:featuredmedia":[{"embeddable":true,"href":"https:\/\/plazajuarez.mx\/historico\/wp-json\/wp\/v2\/media\/208526"}],"wp:attachment":[{"href":"https:\/\/plazajuarez.mx\/historico\/wp-json\/wp\/v2\/media?parent=230741"}],"wp:term":[{"taxonomy":"category","embeddable":true,"href":"https:\/\/plazajuarez.mx\/historico\/wp-json\/wp\/v2\/categories?post=230741"},{"taxonomy":"post_tag","embeddable":true,"href":"https:\/\/plazajuarez.mx\/historico\/wp-json\/wp\/v2\/tags?post=230741"}],"curies":[{"name":"wp","href":"https:\/\/api.w.org\/{rel}","templated":true}]}}