{"id":230731,"date":"2022-09-21T08:16:46","date_gmt":"2022-09-21T13:16:46","guid":{"rendered":"https:\/\/plazajuarez.mx\/?p=230731"},"modified":"2022-09-21T08:17:03","modified_gmt":"2022-09-21T13:17:03","slug":"dese-por-enterado-1023","status":"publish","type":"post","link":"https:\/\/plazajuarez.mx\/historico\/dese-por-enterado-1023\/","title":{"rendered":"DESE POR ENTERADO"},"content":{"rendered":"\n<p><strong>PRESIDENTES MUNICIPALES Y LA ESTAFA MAESTRA<\/strong>. \u2013 Son seis, pero dos de la regi\u00f3n Huasteca del Estado, los que estar\u00edan inmiscuidos en una presunta estafa por 200 millones de pesos en agravio de seis ayuntamientos hidalguenses. As\u00ed lo dio a conocer el gobernador, <strong>Julio Menchaca Salazar<\/strong>, durante la segunda conferencia de prensa que realiza en su administraci\u00f3n, esta vez en Huejutla. Se trata pues de actos de justicia, y conforme a la ley es como se actuar\u00e1, dijo, sin que tenga que ver en lo m\u00e1s m\u00ednimo con revanchismo pol\u00edtico, y tienen fundamento en denuncias realizadas incluso por servidores p\u00fablicos.<\/p>\n\n\n\n<figure class=\"wp-block-image size-full\"><img loading=\"lazy\" decoding=\"async\" width=\"1024\" height=\"683\" src=\"https:\/\/plazajuarez.mx\/historico\/historico\/wp-content\/uploads\/2022\/09\/PRESIDENTES-MUNICIPALES-Y-LA-ESTAFA-MAESTRA.-\u2013-Cortesi\u0301a-.jpg\" alt=\"\" class=\"wp-image-230733\" srcset=\"https:\/\/plazajuarez.mx\/historico\/wp-content\/uploads\/2022\/09\/PRESIDENTES-MUNICIPALES-Y-LA-ESTAFA-MAESTRA.-\u2013-Cortesi\u0301a-.jpg 1024w, https:\/\/plazajuarez.mx\/historico\/wp-content\/uploads\/2022\/09\/PRESIDENTES-MUNICIPALES-Y-LA-ESTAFA-MAESTRA.-\u2013-Cortesi\u0301a--768x512.jpg 768w, https:\/\/plazajuarez.mx\/historico\/wp-content\/uploads\/2022\/09\/PRESIDENTES-MUNICIPALES-Y-LA-ESTAFA-MAESTRA.-\u2013-Cortesi\u0301a--274x183.jpg 274w, https:\/\/plazajuarez.mx\/historico\/wp-content\/uploads\/2022\/09\/PRESIDENTES-MUNICIPALES-Y-LA-ESTAFA-MAESTRA.-\u2013-Cortesi\u0301a--80x54.jpg 80w, https:\/\/plazajuarez.mx\/historico\/wp-content\/uploads\/2022\/09\/PRESIDENTES-MUNICIPALES-Y-LA-ESTAFA-MAESTRA.-\u2013-Cortesi\u0301a--130x87.jpg 130w, https:\/\/plazajuarez.mx\/historico\/wp-content\/uploads\/2022\/09\/PRESIDENTES-MUNICIPALES-Y-LA-ESTAFA-MAESTRA.-\u2013-Cortesi\u0301a--359x240.jpg 359w, https:\/\/plazajuarez.mx\/historico\/wp-content\/uploads\/2022\/09\/PRESIDENTES-MUNICIPALES-Y-LA-ESTAFA-MAESTRA.-\u2013-Cortesi\u0301a--85x57.jpg 85w, https:\/\/plazajuarez.mx\/historico\/wp-content\/uploads\/2022\/09\/PRESIDENTES-MUNICIPALES-Y-LA-ESTAFA-MAESTRA.-\u2013-Cortesi\u0301a--546x365.jpg 546w, https:\/\/plazajuarez.mx\/historico\/wp-content\/uploads\/2022\/09\/PRESIDENTES-MUNICIPALES-Y-LA-ESTAFA-MAESTRA.-\u2013-Cortesi\u0301a--165x109.jpg 165w, https:\/\/plazajuarez.mx\/historico\/wp-content\/uploads\/2022\/09\/PRESIDENTES-MUNICIPALES-Y-LA-ESTAFA-MAESTRA.-\u2013-Cortesi\u0301a--112x75.jpg 112w, https:\/\/plazajuarez.mx\/historico\/wp-content\/uploads\/2022\/09\/PRESIDENTES-MUNICIPALES-Y-LA-ESTAFA-MAESTRA.-\u2013-Cortesi\u0301a--179x120.jpg 179w, https:\/\/plazajuarez.mx\/historico\/wp-content\/uploads\/2022\/09\/PRESIDENTES-MUNICIPALES-Y-LA-ESTAFA-MAESTRA.-\u2013-Cortesi\u0301a--170x113.jpg 170w, https:\/\/plazajuarez.mx\/historico\/wp-content\/uploads\/2022\/09\/PRESIDENTES-MUNICIPALES-Y-LA-ESTAFA-MAESTRA.-\u2013-Cortesi\u0301a--81x55.jpg 81w, https:\/\/plazajuarez.mx\/historico\/wp-content\/uploads\/2022\/09\/PRESIDENTES-MUNICIPALES-Y-LA-ESTAFA-MAESTRA.-\u2013-Cortesi\u0301a--765x510.jpg 765w\" sizes=\"auto, (max-width: 1024px) 100vw, 1024px\" \/><\/figure>\n\n\n\n<p><strong>TIZAYUCA, POCO QU\u00c9 INFORMAR EN T\u00c9RMINOS REALES<\/strong>. \u2013 <strong>Susana \u00c1ngeles Quezada<\/strong>, alcaldesa de Tizayuca, rindi\u00f3 su segundo informe de labores, con m\u00e1s ficciones que realidades, porque la seguridad, asunto sin el cual nada puede marchar, cada d\u00eda se le complica m\u00e1s, y pese a buenas intenciones, y una que otra ocurrencia, el hecho es que la violencia est\u00e1 desbordada. En alg\u00fan momento considerada por algunos \u201canalistas\u201d para ser parte del gabinete del <strong>gobernador Menchaca, \u00c1ngeles Quezada<\/strong> pareciera que equivoc\u00f3 el camino pol\u00edtico, al buscar padrinos que ni falta le hac\u00edan<\/p>\n\n\n\n<figure class=\"wp-block-image size-full\"><img loading=\"lazy\" decoding=\"async\" width=\"1200\" height=\"800\" src=\"https:\/\/plazajuarez.mx\/historico\/historico\/wp-content\/uploads\/2022\/09\/TIZAYUCA-POCO-QUE\u0301-INFORMAR-EN-TE\u0301RMINOS-REALES.-\u2013-Cortesi\u0301a-.jpg\" alt=\"\" class=\"wp-image-230734\" srcset=\"https:\/\/plazajuarez.mx\/historico\/wp-content\/uploads\/2022\/09\/TIZAYUCA-POCO-QUE\u0301-INFORMAR-EN-TE\u0301RMINOS-REALES.-\u2013-Cortesi\u0301a-.jpg 1200w, https:\/\/plazajuarez.mx\/historico\/wp-content\/uploads\/2022\/09\/TIZAYUCA-POCO-QUE\u0301-INFORMAR-EN-TE\u0301RMINOS-REALES.-\u2013-Cortesi\u0301a--768x512.jpg 768w, https:\/\/plazajuarez.mx\/historico\/wp-content\/uploads\/2022\/09\/TIZAYUCA-POCO-QUE\u0301-INFORMAR-EN-TE\u0301RMINOS-REALES.-\u2013-Cortesi\u0301a--274x183.jpg 274w, https:\/\/plazajuarez.mx\/historico\/wp-content\/uploads\/2022\/09\/TIZAYUCA-POCO-QUE\u0301-INFORMAR-EN-TE\u0301RMINOS-REALES.-\u2013-Cortesi\u0301a--80x54.jpg 80w, https:\/\/plazajuarez.mx\/historico\/wp-content\/uploads\/2022\/09\/TIZAYUCA-POCO-QUE\u0301-INFORMAR-EN-TE\u0301RMINOS-REALES.-\u2013-Cortesi\u0301a--130x87.jpg 130w, https:\/\/plazajuarez.mx\/historico\/wp-content\/uploads\/2022\/09\/TIZAYUCA-POCO-QUE\u0301-INFORMAR-EN-TE\u0301RMINOS-REALES.-\u2013-Cortesi\u0301a--359x240.jpg 359w, https:\/\/plazajuarez.mx\/historico\/wp-content\/uploads\/2022\/09\/TIZAYUCA-POCO-QUE\u0301-INFORMAR-EN-TE\u0301RMINOS-REALES.-\u2013-Cortesi\u0301a--85x57.jpg 85w, https:\/\/plazajuarez.mx\/historico\/wp-content\/uploads\/2022\/09\/TIZAYUCA-POCO-QUE\u0301-INFORMAR-EN-TE\u0301RMINOS-REALES.-\u2013-Cortesi\u0301a--546x365.jpg 546w, https:\/\/plazajuarez.mx\/historico\/wp-content\/uploads\/2022\/09\/TIZAYUCA-POCO-QUE\u0301-INFORMAR-EN-TE\u0301RMINOS-REALES.-\u2013-Cortesi\u0301a--165x109.jpg 165w, https:\/\/plazajuarez.mx\/historico\/wp-content\/uploads\/2022\/09\/TIZAYUCA-POCO-QUE\u0301-INFORMAR-EN-TE\u0301RMINOS-REALES.-\u2013-Cortesi\u0301a--112x75.jpg 112w, https:\/\/plazajuarez.mx\/historico\/wp-content\/uploads\/2022\/09\/TIZAYUCA-POCO-QUE\u0301-INFORMAR-EN-TE\u0301RMINOS-REALES.-\u2013-Cortesi\u0301a--179x120.jpg 179w, https:\/\/plazajuarez.mx\/historico\/wp-content\/uploads\/2022\/09\/TIZAYUCA-POCO-QUE\u0301-INFORMAR-EN-TE\u0301RMINOS-REALES.-\u2013-Cortesi\u0301a--170x113.jpg 170w, https:\/\/plazajuarez.mx\/historico\/wp-content\/uploads\/2022\/09\/TIZAYUCA-POCO-QUE\u0301-INFORMAR-EN-TE\u0301RMINOS-REALES.-\u2013-Cortesi\u0301a--81x55.jpg 81w, https:\/\/plazajuarez.mx\/historico\/wp-content\/uploads\/2022\/09\/TIZAYUCA-POCO-QUE\u0301-INFORMAR-EN-TE\u0301RMINOS-REALES.-\u2013-Cortesi\u0301a--765x510.jpg 765w\" sizes=\"auto, (max-width: 1200px) 100vw, 1200px\" \/><\/figure>\n\n\n\n<p><strong>\u201cCASA BLANCA\u201d DE HUEJUTLA, SER\u00c1 CASA DE CULTURA<\/strong>. \u2013 Buena decisi\u00f3n regresar a sus verdaderos propietarios la \u201cCasa Blanca\u201d de Huejutla a la ciudadan\u00eda, al ponerse en marcha la b\u00fasqueda del proyecto que la convertir\u00e1 en Casa de Cultura. Incluso no son pocos los vecinos de esa localidad, que a ciencia cierta no saben c\u00f3mo era dicha casa que usaban los ex gobernadores en sus visitas a la regi\u00f3n Huasteca. Lo que se sabe es que es muy, pero muy grande con jardines y etc\u00e9tera, etc\u00e9tera, etc\u00e9tera. Buena decisi\u00f3n del gobernador, <strong>Julio Menchaca<\/strong>, y que anunci\u00f3 durante su visita a la localidad.<\/p>\n\n\n\n<figure class=\"wp-block-image size-full\"><img loading=\"lazy\" decoding=\"async\" width=\"1280\" height=\"719\" src=\"https:\/\/plazajuarez.mx\/historico\/historico\/wp-content\/uploads\/2022\/09\/CASA-BLANCA-DE-HUEJUTLA-SERA\u0301-CASA-DE-CULTURA.-\u2013-Cortesi\u0301a-.jpg\" alt=\"\" class=\"wp-image-230735\" srcset=\"https:\/\/plazajuarez.mx\/historico\/wp-content\/uploads\/2022\/09\/CASA-BLANCA-DE-HUEJUTLA-SERA\u0301-CASA-DE-CULTURA.-\u2013-Cortesi\u0301a-.jpg 1280w, https:\/\/plazajuarez.mx\/historico\/wp-content\/uploads\/2022\/09\/CASA-BLANCA-DE-HUEJUTLA-SERA\u0301-CASA-DE-CULTURA.-\u2013-Cortesi\u0301a--768x431.jpg 768w\" sizes=\"auto, (max-width: 1280px) 100vw, 1280px\" \/><\/figure>\n\n\n\n<p><strong>CADA QUIEN SUS FOBIAS Y RENCORES<\/strong>. \u2013 Un cambio siempre se traduce en un proceso real, en el que de alguna manera todos los que por alguna raz\u00f3n ocultaron sus fobias y rencores, de pronto surgen, porque en t\u00e9rminos concretos ya no corren el riesgo de sufrir alguna represalia, porque a los que se hacen dur\u00edsimos se\u00f1alamientos pues ya no tienen poder alguno. De tal modo que es el tiempo de los \u201cvalentones\u201d, los que a media cuadra hoy s\u00ed que gritan y piden enjuiciar a este y otro, nom\u00e1s para que vean lo bravos que son. Tiempos que por muchas razones nos har\u00e1n ver con claridad las fobias y rencores que no pocos guardan en sus escritorios, en sus ordenadores.<\/p>\n\n\n\n<figure class=\"wp-block-image size-full\"><img loading=\"lazy\" decoding=\"async\" width=\"720\" height=\"480\" src=\"https:\/\/plazajuarez.mx\/historico\/historico\/wp-content\/uploads\/2022\/09\/CADA-QUIEN-SUS-FOBIAS-Y-RENCORES.-\u2013-ilustrativa-.jpg\" alt=\"\" class=\"wp-image-230736\" srcset=\"https:\/\/plazajuarez.mx\/historico\/wp-content\/uploads\/2022\/09\/CADA-QUIEN-SUS-FOBIAS-Y-RENCORES.-\u2013-ilustrativa-.jpg 720w, https:\/\/plazajuarez.mx\/historico\/wp-content\/uploads\/2022\/09\/CADA-QUIEN-SUS-FOBIAS-Y-RENCORES.-\u2013-ilustrativa--274x183.jpg 274w, https:\/\/plazajuarez.mx\/historico\/wp-content\/uploads\/2022\/09\/CADA-QUIEN-SUS-FOBIAS-Y-RENCORES.-\u2013-ilustrativa--80x54.jpg 80w, https:\/\/plazajuarez.mx\/historico\/wp-content\/uploads\/2022\/09\/CADA-QUIEN-SUS-FOBIAS-Y-RENCORES.-\u2013-ilustrativa--130x87.jpg 130w, https:\/\/plazajuarez.mx\/historico\/wp-content\/uploads\/2022\/09\/CADA-QUIEN-SUS-FOBIAS-Y-RENCORES.-\u2013-ilustrativa--359x240.jpg 359w, https:\/\/plazajuarez.mx\/historico\/wp-content\/uploads\/2022\/09\/CADA-QUIEN-SUS-FOBIAS-Y-RENCORES.-\u2013-ilustrativa--85x57.jpg 85w, https:\/\/plazajuarez.mx\/historico\/wp-content\/uploads\/2022\/09\/CADA-QUIEN-SUS-FOBIAS-Y-RENCORES.-\u2013-ilustrativa--546x365.jpg 546w, https:\/\/plazajuarez.mx\/historico\/wp-content\/uploads\/2022\/09\/CADA-QUIEN-SUS-FOBIAS-Y-RENCORES.-\u2013-ilustrativa--165x109.jpg 165w, https:\/\/plazajuarez.mx\/historico\/wp-content\/uploads\/2022\/09\/CADA-QUIEN-SUS-FOBIAS-Y-RENCORES.-\u2013-ilustrativa--112x75.jpg 112w, https:\/\/plazajuarez.mx\/historico\/wp-content\/uploads\/2022\/09\/CADA-QUIEN-SUS-FOBIAS-Y-RENCORES.-\u2013-ilustrativa--179x120.jpg 179w, https:\/\/plazajuarez.mx\/historico\/wp-content\/uploads\/2022\/09\/CADA-QUIEN-SUS-FOBIAS-Y-RENCORES.-\u2013-ilustrativa--170x113.jpg 170w, https:\/\/plazajuarez.mx\/historico\/wp-content\/uploads\/2022\/09\/CADA-QUIEN-SUS-FOBIAS-Y-RENCORES.-\u2013-ilustrativa--81x55.jpg 81w, https:\/\/plazajuarez.mx\/historico\/wp-content\/uploads\/2022\/09\/CADA-QUIEN-SUS-FOBIAS-Y-RENCORES.-\u2013-ilustrativa--765x510.jpg 765w\" sizes=\"auto, (max-width: 720px) 100vw, 720px\" \/><\/figure>\n\n\n\n<p><strong>Aviso para que no digan: Esta columna se nutre de comentarios recabados por agencias del Recontra-Espionaje, muy similares a las que populariz\u00f3 el \u201cS\u00faper Agente 86\u201d en sus tiempos. Como tal lo que publicamos puede que sea cierto, puede que no, o todo lo contrario. Est\u00e1 usted en libertad de creer o no lo que lee, recontra-enojarse, recontra- carcajearse y hasta recontra-recordarnos a nuestra jefecita (nosotros recontra-haremos lo propio). Avisado est\u00e1 usted.&nbsp;<\/strong><\/p>\n\n\n\n<p><strong>desexenterado@gmail.com @desexenterado&nbsp;<\/strong><\/p>\n","protected":false},"excerpt":{"rendered":"<p>PRESIDENTES MUNICIPALES Y LA ESTAFA MAESTRA. \u2013 Son seis, pero dos de la regi\u00f3n Huasteca del Estado, los que estar\u00edan inmiscuidos en una presunta estafa por 200 millones de pesos en agravio de seis ayuntamientos hidalguenses. As\u00ed lo dio a conocer el gobernador, Julio Menchaca Salazar, durante la segunda conferencia de prensa que realiza en [&hellip;]<\/p>\n","protected":false},"author":93,"featured_media":208507,"comment_status":"closed","ping_status":"closed","sticky":false,"template":"","format":"standard","meta":{"footnotes":""},"categories":[83],"tags":[],"class_list":["post-230731","post","type-post","status-publish","format-standard","has-post-thumbnail","hentry","category-dese-por-enterado"],"_links":{"self":[{"href":"https:\/\/plazajuarez.mx\/historico\/wp-json\/wp\/v2\/posts\/230731","targetHints":{"allow":["GET"]}}],"collection":[{"href":"https:\/\/plazajuarez.mx\/historico\/wp-json\/wp\/v2\/posts"}],"about":[{"href":"https:\/\/plazajuarez.mx\/historico\/wp-json\/wp\/v2\/types\/post"}],"author":[{"embeddable":true,"href":"https:\/\/plazajuarez.mx\/historico\/wp-json\/wp\/v2\/users\/93"}],"replies":[{"embeddable":true,"href":"https:\/\/plazajuarez.mx\/historico\/wp-json\/wp\/v2\/comments?post=230731"}],"version-history":[{"count":0,"href":"https:\/\/plazajuarez.mx\/historico\/wp-json\/wp\/v2\/posts\/230731\/revisions"}],"wp:featuredmedia":[{"embeddable":true,"href":"https:\/\/plazajuarez.mx\/historico\/wp-json\/wp\/v2\/media\/208507"}],"wp:attachment":[{"href":"https:\/\/plazajuarez.mx\/historico\/wp-json\/wp\/v2\/media?parent=230731"}],"wp:term":[{"taxonomy":"category","embeddable":true,"href":"https:\/\/plazajuarez.mx\/historico\/wp-json\/wp\/v2\/categories?post=230731"},{"taxonomy":"post_tag","embeddable":true,"href":"https:\/\/plazajuarez.mx\/historico\/wp-json\/wp\/v2\/tags?post=230731"}],"curies":[{"name":"wp","href":"https:\/\/api.w.org\/{rel}","templated":true}]}}