{"id":230594,"date":"2022-09-20T08:55:40","date_gmt":"2022-09-20T13:55:40","guid":{"rendered":"https:\/\/plazajuarez.mx\/?p=230594"},"modified":"2022-09-20T08:55:45","modified_gmt":"2022-09-20T13:55:45","slug":"sigue-el-temblor","status":"publish","type":"post","link":"https:\/\/plazajuarez.mx\/historico\/sigue-el-temblor\/","title":{"rendered":"SIGUE EL TEMBLOR"},"content":{"rendered":"\n<h2 class=\"wp-block-heading\">ALFIL NEGRO<\/h2>\n\n\n\n<p>El temblor que se sinti\u00f3 el d\u00eda de ayer sobre todo en algunos estados y en la capital del pa\u00eds en la Ciudad de M\u00e9xico, deja muchas ense\u00f1anzas y la conciencia de que por muchas razones el temblor no ha parado y sigue fuerte, aunque en otra dimensi\u00f3n y otras manifestaciones.<\/p>\n\n\n\n<p>Por otro lado, por lo menos raro que el 19 de septiembre se haya convertido ya en una fecha que ahora que est\u00e1n de moda los decretados , se puede decidir por esa v\u00eda desaparecer esa fecha del calendario, de tal manera que del 18 se salte al 20 y el 19 desaparezca del mapa.<\/p>\n\n\n\n<p>Pero dec\u00edamos que sigue la temblorina en casi todo el pa\u00eds por otro tipo de temblor, que no cuesta mucho detectar y para verlo y sentirlo basta tener los ojos bien abiertos.<\/p>\n\n\n\n<p>Hay un temblor de m\u00e1s grados que el de ayer, sobre todo en el tema de la seguridad.<\/p>\n\n\n\n<p>La carencia de seguridad se ha convertido en el gran temblor de este sexenio ,por sus alcances y maneras de hacerse presente, y por una pol\u00edtica p\u00fablica que intenta ser respuesta y soluci\u00f3n, pero que ya en los hechos no tiene el tama\u00f1o para ser la respuesta que los ciudadanos esperan.<\/p>\n\n\n\n<p>En muchas familias el temblor se hace presente cuando las hijas se van al trabajo y salen ya tarde, por todo lo que viene ocurriendo.<\/p>\n\n\n\n<p>Ni se diga de los temblores que sufren los que tienen necesidad de transitar por las autopistas y carreteras, sobre todo de estados donde la violencia carretera es una constante.<\/p>\n\n\n\n<p>Y as\u00ed en otros renglones de la vida diaria, donde hace no mucho se sent\u00eda uno seguro y en esta hora ya no.<\/p>\n\n\n\n<p>Pero no es la \u00fanica causa de los temblores que se viven en nuestra naci\u00f3n, y en esta ubicaci\u00f3n de los distintos temblores, cada uno tiene su punto de vista y su explicaci\u00f3n de lo que sucede.<\/p>\n\n\n\n<p>En el caso de los temblores sociales, salvo la voz de algunas gentes que tuvieron buen ojo para previnieron como alerta s\u00edsmica de lo que ve\u00edan venir, la mayor\u00eda no alcanz\u00f3 a vislumbrar lo que se acercaba.<\/p>\n\n\n\n<p>Por lo que se sabe, se pueden de alguna manera anticipar los temblores en lo que son su presencia una vez que inician, y por eso la alerta es un gran logro, pero lo que no se ve c\u00f3mo, es anticipar la hora y el lugar donde temblar\u00e1 .<\/p>\n\n\n\n<p>Y en lo que provoca temblor en la sociedad, de nada sirven las voces que anticipan lo que viene, porque se da tal polarizaci\u00f3n de ideas y radicalismo que viene bien aquello de que \u201cven la procesi\u00f3n y no se hincan\u201d.<\/p>\n\n\n\n<p>Como sea el temblor de 7.7 grados de ayer ya pas\u00f3.<\/p>\n\n\n\n<p>Pero los otros temblores, los sociales, lo m\u00e1s seguro es que crezcan.<\/p>\n\n\n\n<p>Vienen fechas de intensa lucha por el poder, donde se crear\u00e1n escenarios de confrontaci\u00f3n y muchos golpes, y ese es otro tipo de temblor principalmente para pol\u00edticos que mover\u00e1n cielo y tierra para triunfar.<\/p>\n\n\n\n<p>Lo preocupante es que en estas luchas est\u00e1 la gente y las familias, casi siempre pretexto de todos los movimientos por el poder.<\/p>\n\n\n\n<p>Aunque ya se sabe que los que ganan rara vez se acuerdan del \u201cpueblo\u201d que tanto invocaron y los que perdieron menos.<\/p>\n\n\n\n<p>Lo que se puede anticipar es que van a seguir los temblores y cada vez m\u00e1s fuertes.<\/p>\n","protected":false},"excerpt":{"rendered":"<p>ALFIL NEGRO El temblor que se sinti\u00f3 el d\u00eda de ayer sobre todo en algunos estados y en la capital del pa\u00eds en la Ciudad de M\u00e9xico, deja muchas ense\u00f1anzas y la conciencia de que por muchas razones el temblor no ha parado y sigue fuerte, aunque en otra dimensi\u00f3n y otras manifestaciones. Por otro [&hellip;]<\/p>\n","protected":false},"author":83,"featured_media":208526,"comment_status":"closed","ping_status":"closed","sticky":false,"template":"","format":"standard","meta":{"footnotes":""},"categories":[48,42],"tags":[],"class_list":["post-230594","post","type-post","status-publish","format-standard","has-post-thumbnail","hentry","category-adalberto-peralta","category-nuestrapalabra"],"_links":{"self":[{"href":"https:\/\/plazajuarez.mx\/historico\/wp-json\/wp\/v2\/posts\/230594","targetHints":{"allow":["GET"]}}],"collection":[{"href":"https:\/\/plazajuarez.mx\/historico\/wp-json\/wp\/v2\/posts"}],"about":[{"href":"https:\/\/plazajuarez.mx\/historico\/wp-json\/wp\/v2\/types\/post"}],"author":[{"embeddable":true,"href":"https:\/\/plazajuarez.mx\/historico\/wp-json\/wp\/v2\/users\/83"}],"replies":[{"embeddable":true,"href":"https:\/\/plazajuarez.mx\/historico\/wp-json\/wp\/v2\/comments?post=230594"}],"version-history":[{"count":0,"href":"https:\/\/plazajuarez.mx\/historico\/wp-json\/wp\/v2\/posts\/230594\/revisions"}],"wp:featuredmedia":[{"embeddable":true,"href":"https:\/\/plazajuarez.mx\/historico\/wp-json\/wp\/v2\/media\/208526"}],"wp:attachment":[{"href":"https:\/\/plazajuarez.mx\/historico\/wp-json\/wp\/v2\/media?parent=230594"}],"wp:term":[{"taxonomy":"category","embeddable":true,"href":"https:\/\/plazajuarez.mx\/historico\/wp-json\/wp\/v2\/categories?post=230594"},{"taxonomy":"post_tag","embeddable":true,"href":"https:\/\/plazajuarez.mx\/historico\/wp-json\/wp\/v2\/tags?post=230594"}],"curies":[{"name":"wp","href":"https:\/\/api.w.org\/{rel}","templated":true}]}}