{"id":230521,"date":"2022-09-19T11:44:00","date_gmt":"2022-09-19T16:44:00","guid":{"rendered":"https:\/\/plazajuarez.mx\/?p=230521"},"modified":"2022-09-19T12:58:49","modified_gmt":"2022-09-19T17:58:49","slug":"los-corgis-de-la-reina-isabel-ii-estan-presentes-en-el-funeral","status":"publish","type":"post","link":"https:\/\/plazajuarez.mx\/historico\/los-corgis-de-la-reina-isabel-ii-estan-presentes-en-el-funeral\/","title":{"rendered":"Los corgis de la reina Isabel II est\u00e1n presentes en el funeral"},"content":{"rendered":"\n<p>\u00a0Isabel II, quien falleci\u00f3 el 8 de septiembre tras 70 a\u00f1os de reinado, recibi\u00f3 este lunes un funeral de Estado al que asistieron mandatarios de todo el mundo. El f\u00e9retro hizo un recorrido del Westminster Hall a la Abad\u00eda de Westminster, pero hubo un detalle que llam\u00f3 la atenci\u00f3n: sobre el ata\u00fad hab\u00eda una nota, escrita a mano.<br><br>Se trata del \u00faltimo detalle que el rey Carlos III, hijo de la reina, quiso tener con ella. La nota dice: &#8220;En amoroso y devoto recuerdo. Carlos R&#8221;.<br><br>El f\u00e9retro, forrado de plomo, estaba cubierto de flores. Pero no de cualquier tipo, sino &#8220;flores y follaje cortados de los jardines del Palacio de Buckingham, Clarence House y Highgrove House&#8221;.<br><br>La corona tambi\u00e9n incluye mirto, que se cort\u00f3 de una planta que figuraba en el ramo de novia de la Reina en 1947.<br><br>Carlos III emul\u00f3 as\u00ed a su madre, quien tras la muerte de su esposo, el pr\u00edncipe Felipe, en abril de 2021, coloc\u00f3 una nota escrita a mano sobre el f\u00e9retro. A diferencia de Isabel II, Felipe fue enterrado en una ceremonia muy \u00edntima, debido a la pandemia de Covid-19.<br><br>Ahora, ambos descansar\u00e1n juntos en la Capilla de San Jorge, en el Castillo de Windsor, tras el entierro de la monarca, esta tarde.<\/p>\n\n\n\n<p>Al funeral de Estado de la reina Isabel II, que se celebra hoy en Londres, asisten cientos de dignatarios invitados, adem\u00e1s de miles de personas que se han reunido a lo largo del recorrido de la procesi\u00f3n f\u00fanebre para dar el \u00faltimo adi\u00f3s a la monarca.<br><br>Sin embargo, no son los \u00fanicos. Tambi\u00e9n los amados corgis de la reina, Muick y Sandy, se hicieron presentes.<br><br>La cadena BBC News los capt\u00f3 mientras esperaban el paso de la procesi\u00f3n que llevaba el f\u00e9retro de la monarca a la Capilla de San Jorge, donde tras un servicio religioso ser\u00e1 enterrada al lado de su marido, el pr\u00edncipe Felipe.<br><br>Los peque\u00f1os perros color arena con orejas puntiagudas tuvieron una presencia permanente en la corte de Isabel II, a la que segu\u00edan por cada habitaci\u00f3n del Palacio de Buckingham, adem\u00e1s de aparecer en fotos y retratos oficiales.<br><br>Incluso se ganaron un papel en el v\u00eddeo que la reina protagoniz\u00f3 junto al actor Daniel Craig, interpretando a James Bond, para la ceremonia de inauguraci\u00f3n de los Juegos Ol\u00edmpicos de Londres 2012.<br><br>La reina dej\u00f3 de criar corgis al cumplir 90 a\u00f1os para no dejarlos hu\u00e9rfanos tras su muerte. En total, cri\u00f3 a unos 30. El fallecimiento en 2018 de Willow, el \u00faltimo de los corgis que hab\u00eda domesticado ella misma, acab\u00f3 con la dinast\u00eda.<br><br>Pero en febrero de 2021 su hijo Andr\u00e9s le regal\u00f3 dos peque\u00f1os dorgis -un cruce de dachshund y corgi-, Muick y Fergus, para animarla durante la hospitalizaci\u00f3n de su esposo, el pr\u00edncipe Felipe, quien falleci\u00f3 poco despu\u00e9s, el 9 de abril.<br><br>Ahora, Muick y Fergus quedar\u00e1n al cuidado del pr\u00edncipe Andr\u00e9s y su exesposa, Sarah Ferguson.<\/p>\n","protected":false},"excerpt":{"rendered":"<p>\u00a0Isabel II, quien falleci\u00f3 el 8 de septiembre tras 70 a\u00f1os de reinado, recibi\u00f3 este lunes un funeral de Estado al que asistieron mandatarios de todo el mundo. El f\u00e9retro hizo un recorrido del Westminster Hall a la Abad\u00eda de Westminster, pero hubo un detalle que llam\u00f3 la atenci\u00f3n: sobre el ata\u00fad hab\u00eda una nota, [&hellip;]<\/p>\n","protected":false},"author":81,"featured_media":230522,"comment_status":"closed","ping_status":"closed","sticky":false,"template":"","format":"standard","meta":{"footnotes":""},"categories":[15],"tags":[],"class_list":["post-230521","post","type-post","status-publish","format-standard","has-post-thumbnail","hentry","category-destacadas"],"_links":{"self":[{"href":"https:\/\/plazajuarez.mx\/historico\/wp-json\/wp\/v2\/posts\/230521","targetHints":{"allow":["GET"]}}],"collection":[{"href":"https:\/\/plazajuarez.mx\/historico\/wp-json\/wp\/v2\/posts"}],"about":[{"href":"https:\/\/plazajuarez.mx\/historico\/wp-json\/wp\/v2\/types\/post"}],"author":[{"embeddable":true,"href":"https:\/\/plazajuarez.mx\/historico\/wp-json\/wp\/v2\/users\/81"}],"replies":[{"embeddable":true,"href":"https:\/\/plazajuarez.mx\/historico\/wp-json\/wp\/v2\/comments?post=230521"}],"version-history":[{"count":0,"href":"https:\/\/plazajuarez.mx\/historico\/wp-json\/wp\/v2\/posts\/230521\/revisions"}],"wp:featuredmedia":[{"embeddable":true,"href":"https:\/\/plazajuarez.mx\/historico\/wp-json\/wp\/v2\/media\/230522"}],"wp:attachment":[{"href":"https:\/\/plazajuarez.mx\/historico\/wp-json\/wp\/v2\/media?parent=230521"}],"wp:term":[{"taxonomy":"category","embeddable":true,"href":"https:\/\/plazajuarez.mx\/historico\/wp-json\/wp\/v2\/categories?post=230521"},{"taxonomy":"post_tag","embeddable":true,"href":"https:\/\/plazajuarez.mx\/historico\/wp-json\/wp\/v2\/tags?post=230521"}],"curies":[{"name":"wp","href":"https:\/\/api.w.org\/{rel}","templated":true}]}}