{"id":230517,"date":"2022-09-19T12:42:46","date_gmt":"2022-09-19T17:42:46","guid":{"rendered":"https:\/\/plazajuarez.mx\/?p=230517"},"modified":"2022-09-19T13:03:48","modified_gmt":"2022-09-19T18:03:48","slug":"suena-la-alerta-sismica-en-cdmx-por-sismo-hipotetico-de-magnitud-8-1","status":"publish","type":"post","link":"https:\/\/plazajuarez.mx\/historico\/suena-la-alerta-sismica-en-cdmx-por-sismo-hipotetico-de-magnitud-8-1\/","title":{"rendered":"Suena la alerta s\u00edsmica en CDMX por sismo hipot\u00e9tico de magnitud 8.1"},"content":{"rendered":"\n<p>Como se anunci\u00f3 en d\u00edas pasados, en punto de las 12:19 horas (tiempo del centro), son\u00f3 la alerta s\u00edsmica como parte del Simulacro Nacional de Protecci\u00f3n Civil 2022.<br><br>El simulacro se desarroll\u00f3 bajo la hip\u00f3tesis de un sismo con magnitud de 8.1 y con epicentro en Michoac\u00e1n.<br><br>Miles de capitalinos comenzaron la evacuaci\u00f3n de inmuebles, siguiendo los protocolos de Protecci\u00f3n Civil.<br><br>Para el simulacro, ejercicio que tambi\u00e9n se lleva a cabo en otros estados del pa\u00eds, se inform\u00f3 previamente que participar\u00e1n alrededor de 84 mil 484 inmuebles, con un aforo de 7 millones 541 mil 051 personas en 2 mil 099 municipios.<br><br>A 37 a\u00f1os del terremoto de 8.1 grados en la escala Richter y a cinco a\u00f1os de los sismos de 2017, el Simulacro Nacional 2022 es una situaci\u00f3n ficticia, pero de suma importancia, que ayuda a que los habitantes de zonas s\u00edsmicas aprendan medidas de prevenci\u00f3n y de protecci\u00f3n civil durante posibles situaciones de desastre.<\/p>\n\n\n\n<figure class=\"wp-block-image size-full\"><img loading=\"lazy\" decoding=\"async\" width=\"2560\" height=\"1707\" src=\"https:\/\/plazajuarez.mx\/historico\/historico\/wp-content\/uploads\/2022\/09\/617253_bvwdfg1kqj-scaled.jpg\" alt=\"\" class=\"wp-image-230530\" srcset=\"https:\/\/plazajuarez.mx\/historico\/wp-content\/uploads\/2022\/09\/617253_bvwdfg1kqj-scaled.jpg 2560w, https:\/\/plazajuarez.mx\/historico\/wp-content\/uploads\/2022\/09\/617253_bvwdfg1kqj-768x512.jpg 768w, https:\/\/plazajuarez.mx\/historico\/wp-content\/uploads\/2022\/09\/617253_bvwdfg1kqj-1536x1024.jpg 1536w, https:\/\/plazajuarez.mx\/historico\/wp-content\/uploads\/2022\/09\/617253_bvwdfg1kqj-2048x1365.jpg 2048w, https:\/\/plazajuarez.mx\/historico\/wp-content\/uploads\/2022\/09\/617253_bvwdfg1kqj-274x183.jpg 274w, https:\/\/plazajuarez.mx\/historico\/wp-content\/uploads\/2022\/09\/617253_bvwdfg1kqj-80x54.jpg 80w, https:\/\/plazajuarez.mx\/historico\/wp-content\/uploads\/2022\/09\/617253_bvwdfg1kqj-130x87.jpg 130w, https:\/\/plazajuarez.mx\/historico\/wp-content\/uploads\/2022\/09\/617253_bvwdfg1kqj-359x240.jpg 359w, https:\/\/plazajuarez.mx\/historico\/wp-content\/uploads\/2022\/09\/617253_bvwdfg1kqj-85x57.jpg 85w, https:\/\/plazajuarez.mx\/historico\/wp-content\/uploads\/2022\/09\/617253_bvwdfg1kqj-546x365.jpg 546w, https:\/\/plazajuarez.mx\/historico\/wp-content\/uploads\/2022\/09\/617253_bvwdfg1kqj-165x109.jpg 165w, https:\/\/plazajuarez.mx\/historico\/wp-content\/uploads\/2022\/09\/617253_bvwdfg1kqj-112x75.jpg 112w, https:\/\/plazajuarez.mx\/historico\/wp-content\/uploads\/2022\/09\/617253_bvwdfg1kqj-179x120.jpg 179w, https:\/\/plazajuarez.mx\/historico\/wp-content\/uploads\/2022\/09\/617253_bvwdfg1kqj-170x113.jpg 170w, https:\/\/plazajuarez.mx\/historico\/wp-content\/uploads\/2022\/09\/617253_bvwdfg1kqj-81x55.jpg 81w, https:\/\/plazajuarez.mx\/historico\/wp-content\/uploads\/2022\/09\/617253_bvwdfg1kqj-765x510.jpg 765w\" sizes=\"auto, (max-width: 2560px) 100vw, 2560px\" \/><figcaption><strong>Realizan el Simulacro Nacional de Sismo 2022 en Santa Fe.<\/strong><\/figcaption><\/figure>\n\n\n\n<p><strong>Da\u00f1os por sismos en M\u00e9xico superan los 356 mmdp: Protecci\u00f3n Civil<\/strong><\/p>\n\n\n\n<p>Las afectaciones y da\u00f1os por los sismos ocurridos en M\u00e9xico entre 1985 y 2021 ascienden a m\u00e1s de 356 mil millones de pesos, revel\u00f3 la coordinadora nacional de Protecci\u00f3n Civil, Laura Vel\u00e1zquez Alz\u00faa, en el marco del D\u00eda Nacional de la Protecci\u00f3n Civil y antes del simulacro nacional que se realizar\u00e1 a las 12:19 horas de este 19 de septiembre.<br><br>En la conferencia ma\u00f1anera de este lunes del presidente Andr\u00e9s Manuel L\u00f3pez Obrador en Palacio Nacional, Vel\u00e1zquez puntualiz\u00f3 que lo m\u00e1s importante al enfrentar un temblor es salvar vidas.<br><br>&#8220;Esa es nuestra tarea principal, el sismo va a llegar en cualquier momento, pero nosotros tenemos que estar preparados para ello. Nosotros hacemos una campa\u00f1a permanente, verlo siempre con mucho respeto, tomar decisiones desde la familia, desde la escuela, desde el trabajo, desde donde nos encontremos, en un espacio p\u00fablico, c\u00f3mo debemos actuar para poder salvar nuestra vida y la de nuestros seres queridos&#8221;, se\u00f1al\u00f3.<br><br>Laura Vel\u00e1zquez destac\u00f3 que las autoridades revisan de manera permanente todas las normas mexicanas e incluso las que tienen que ver con las construcciones de la Ciudad de M\u00e9xico o de las entidades federativas.<br><br>&#8220;Nosotros lo que buscamos es que se construyan edificios seguros, escuelas seguras, que de llegar un sismo no haya una afectaci\u00f3n. Mucho de ello tiene que ver la responsabilidad de todos los que gobiernan en cada uno de estos estados de la Rep\u00fablica y los municipios, que son los que otorgan estos permisos, para eso es el Atlas de Riesgo, para que aquellos que otorgan un permiso puedan consultarlo y ver que no se va a dar un permiso para construir un edificio o una escuela en una zona de riesgo&#8221;, explic\u00f3.<br><br>Remarc\u00f3 que el sistema de alerta s\u00edsmica mexicana es el \u00fanico de car\u00e1cter oficial para el alertamiento s\u00edsmico, que en 1993 comenz\u00f3 oficialmente su servicio p\u00fablico en el Valle de M\u00e9xico.<br><br>&#8220;Hemos fortalecido la infraestructura tecnol\u00f3gica del sistema de alerta s\u00edsmica mexicana, la cual sigue creciendo. Ahora ya son nueve entidades federativas que cuentan con este sistema de alertamiento&#8221;, que son Ciudad de M\u00e9xico, Estado de M\u00e9xico, Guerrero, Oaxaca, Puebla, Morelos, Tlaxcala, Michoac\u00e1n y Chiapas.<\/p>\n","protected":false},"excerpt":{"rendered":"<p>Como se anunci\u00f3 en d\u00edas pasados, en punto de las 12:19 horas (tiempo del centro), son\u00f3 la alerta s\u00edsmica como parte del Simulacro Nacional de Protecci\u00f3n Civil 2022. El simulacro se desarroll\u00f3 bajo la hip\u00f3tesis de un sismo con magnitud de 8.1 y con epicentro en Michoac\u00e1n. Miles de capitalinos comenzaron la evacuaci\u00f3n de inmuebles, [&hellip;]<\/p>\n","protected":false},"author":81,"featured_media":230518,"comment_status":"closed","ping_status":"closed","sticky":false,"template":"","format":"standard","meta":{"footnotes":""},"categories":[15,36],"tags":[],"class_list":["post-230517","post","type-post","status-publish","format-standard","has-post-thumbnail","hentry","category-destacadas","category-nacion"],"_links":{"self":[{"href":"https:\/\/plazajuarez.mx\/historico\/wp-json\/wp\/v2\/posts\/230517","targetHints":{"allow":["GET"]}}],"collection":[{"href":"https:\/\/plazajuarez.mx\/historico\/wp-json\/wp\/v2\/posts"}],"about":[{"href":"https:\/\/plazajuarez.mx\/historico\/wp-json\/wp\/v2\/types\/post"}],"author":[{"embeddable":true,"href":"https:\/\/plazajuarez.mx\/historico\/wp-json\/wp\/v2\/users\/81"}],"replies":[{"embeddable":true,"href":"https:\/\/plazajuarez.mx\/historico\/wp-json\/wp\/v2\/comments?post=230517"}],"version-history":[{"count":0,"href":"https:\/\/plazajuarez.mx\/historico\/wp-json\/wp\/v2\/posts\/230517\/revisions"}],"wp:featuredmedia":[{"embeddable":true,"href":"https:\/\/plazajuarez.mx\/historico\/wp-json\/wp\/v2\/media\/230518"}],"wp:attachment":[{"href":"https:\/\/plazajuarez.mx\/historico\/wp-json\/wp\/v2\/media?parent=230517"}],"wp:term":[{"taxonomy":"category","embeddable":true,"href":"https:\/\/plazajuarez.mx\/historico\/wp-json\/wp\/v2\/categories?post=230517"},{"taxonomy":"post_tag","embeddable":true,"href":"https:\/\/plazajuarez.mx\/historico\/wp-json\/wp\/v2\/tags?post=230517"}],"curies":[{"name":"wp","href":"https:\/\/api.w.org\/{rel}","templated":true}]}}