{"id":23051,"date":"2016-06-15T13:03:56","date_gmt":"2016-06-15T13:03:56","guid":{"rendered":"http:\/\/plazajuarez.mx\/index\/index.php\/2016\/06\/15\/el-pan-gano-o-perdio-el-pri\/"},"modified":"2016-06-15T13:03:56","modified_gmt":"2016-06-15T13:03:56","slug":"el-pan-gano-o-perdio-el-pri","status":"publish","type":"post","link":"https:\/\/plazajuarez.mx\/historico\/el-pan-gano-o-perdio-el-pri\/","title":{"rendered":"\u00bfEl PAN gan\u00f3, o perdi\u00f3 el PRI?"},"content":{"rendered":"<p style=\"text-align: justify;\">Terraza<\/p>\n<p>  <!--more-->  <\/p>\n<p style=\"text-align: justify;\">\u00a0<\/p>\n<p style=\"text-align: justify;\">Se ha gastado mucha tinta y se han dado muchas explicaciones de lo sucedido el pasado domingo 5 de junio en las urnas. La pregunta que prevalece es si, \u00bfgan\u00f3 el PAN o perdi\u00f3 el PRI?<br \/>\u00a0<br \/>En lo personal me inclino por lo segundo, perdi\u00f3 el PRI, claro sin menospreciar el triunfo del PAN y su alianza con el PRD.<br \/>\u00a0<br \/>No nos deber\u00edan extra\u00f1ar los resultados, pues ya se sab\u00eda en el tricolor que la gente estaba de mal humor, hasta el mismo presidente de la Rep\u00fablica lo mencion\u00f3. El buscar un solo \u00bfpor qu\u00e9 sucedi\u00f3?, es no querer llegar al fondo, las razones son multifactoriales y cada priista debe identificar las causas de la derrota.<br \/>\u00a0<br \/>La gente cansada y enojada sali\u00f3 a votar para expresar con su sufragio, el coraje y el hartazgo que se ha acumulado a trav\u00e9s de los a\u00f1os, al ver la torpeza de sus gobernantes como, los Duarte, el de Veracruz y el de Chihuahua o Roberto Borges de Quintana Roo. Pero tambi\u00e9n por no estar viendo los beneficios de las Reformas Estructurales que no alcanzan a implementarse, porque la violencia delincuencial no cesa y porque la impunidad ha llevado a un nivel de corrupci\u00f3n preocupante y alarmante por no ser atendida y eliminada.<br \/>\u00a0<br \/>Sin duda, tambi\u00e9n es de analizar la baja aprobaci\u00f3n del Presidente Enrique Pe\u00f1a Nieto que seg\u00fan las \u00faltimas encuestas var\u00edan entre 30 y 40 por ciento, la baja aprobaci\u00f3n de la gesti\u00f3n de gobernadores, destacando Veracruz que s\u00f3lo sali\u00f3 con un 26 por ciento de aprobaci\u00f3n.<br \/>\u00a0<br \/>Aunado a todo lo anterior, se debe considerar que los priistas se tiraron mucho internamente, no lograron cerrar filas, por el contrario, llenaron de piedras el camino a tal grado, que seg\u00fan comentan varios priistas, muchos apoyaron a los opositores.<br \/>\u00a0<br \/>Todo lo contrario en el PAN, ellos decidieron hacer a un lado sus diferencias y cerrar filas. Ejemplo claro, el apoyo que brind\u00f3 Felipe Calder\u00f3n a Javier Corral, en otros tiempos, eso, no se hubiera visto.<br \/>\u00a0<br \/>El pr\u00f3ximo a\u00f1o viene uno de los m\u00e1s importantes procesos electorales, donde se juega el padr\u00f3n electoral m\u00e1s grande junto con Veracruz y la Ciudad de M\u00e9xico que tiene el segundo y tercer lugar en tama\u00f1o. De perder el PRI en las elecciones del 2017 estar\u00eda en serios problemas pues ya perdi\u00f3 Veracruz, la ciudad de M\u00e9xico no la tiene y complicar\u00eda mucho la elecci\u00f3n presidencial del 2018. Adem\u00e1s el Estado de M\u00e9xico es la tierra de Enrique Pe\u00f1a Nieto y el gobernador Eruviel \u00c1vila es uno de los aspirantes.<br \/>\u00a0<br \/>El a\u00f1o que entra tambi\u00e9n est\u00e1n en juego, Coahuila y Nayarit, donde Coahuila ha sido tradicionalmente priista y Nayarit se considera tierra perredista aunque hab\u00eda sido priista.<br \/>\u00a0<br \/>Por ejemplo, no se entiende o no se quiere entender lo que pas\u00f3 en Oaxaca, el segundo estado con m\u00e1s porcentaje de la poblaci\u00f3n viviendo en extrema pobreza, \u00fanicamente despu\u00e9s de Chiapas, la administraci\u00f3n saliente dej\u00f3 un mal sabor de boca; Gabino Cu\u00e9 empez\u00f3 su mandato con enormes expectativas y con un bono de muchos oaxaque\u00f1os que depositaron en \u00e9l y su gobierno muchas esperanzas. \u00bfQu\u00e9 pas\u00f3? Tras los seis a\u00f1os de gobierno, el estado increment\u00f3 en miles el n\u00famero de pobres, su crecimiento es mediocre y el PIB per c\u00e1pita de los oaxaque\u00f1os no llega ni a la mitad del nacional. El rezago contin\u00faa y la brecha aumenta. Y \u00bfqu\u00e9 pas\u00f3? la gente vot\u00f3 por m\u00e1s de lo mismo, sin embargo el PRI se uni\u00f3 y sac\u00f3 adelante a su candidato.<br \/>\u00a0<br \/>No hay que olvidar que la gente sali\u00f3 a votar en una elecci\u00f3n concurrente donde se votaba por un lado, para gobernador, por otro para presidentes municipales y por otro por el Congreso. Muchos decidieron sufragar de forma diferenciada. No necesariamente los tres cargos de elecci\u00f3n popular se pintaron del mismo color, la diferencia fue, que en esta ocasi\u00f3n, hubo quienes pudieron votar hasta por tres f\u00f3rmulas de distinto color.<br \/>\u00a0<br \/>En Hidalgo el PRI gan\u00f3 por amplio margen con Omar Fayad Meneses, quien logr\u00f3 estructurar una campa\u00f1a sin agravios, ni campa\u00f1as negras y si con propuestas; la gente lo acept\u00f3 no as\u00ed en la capital, Pachuca, que se perdi\u00f3 con el PAN que llevaba una buena candidata Yolanda Teller\u00eda.<br \/>\u00a0<br \/>Miguel Osorio Chong, Secretario de Gobernaci\u00f3n hab\u00eda externado su preocupaci\u00f3n porque consideraba que a nivel nacional, esta campa\u00f1a hab\u00eda sido despiadada por la guerra sucia que se dio, sin embargo se logr\u00f3 que, el d\u00eda de la elecci\u00f3n se realizar\u00e1 con paz y tranquilidad.<br \/>\u00a0<br \/>Lo que la ciudadan\u00eda espera es que los partidos y sus pol\u00edticos escuchen el mensaje que les mandaron. Ojala<\/p>\n","protected":false},"excerpt":{"rendered":"<p>Terraza<\/p>\n","protected":false},"author":93,"featured_media":0,"comment_status":"open","ping_status":"open","sticky":false,"template":"","format":"standard","meta":{"footnotes":""},"categories":[53],"tags":[],"class_list":["post-23051","post","type-post","status-publish","format-standard","hentry","category-luis-kaim-gebara"],"_links":{"self":[{"href":"https:\/\/plazajuarez.mx\/historico\/wp-json\/wp\/v2\/posts\/23051","targetHints":{"allow":["GET"]}}],"collection":[{"href":"https:\/\/plazajuarez.mx\/historico\/wp-json\/wp\/v2\/posts"}],"about":[{"href":"https:\/\/plazajuarez.mx\/historico\/wp-json\/wp\/v2\/types\/post"}],"author":[{"embeddable":true,"href":"https:\/\/plazajuarez.mx\/historico\/wp-json\/wp\/v2\/users\/93"}],"replies":[{"embeddable":true,"href":"https:\/\/plazajuarez.mx\/historico\/wp-json\/wp\/v2\/comments?post=23051"}],"version-history":[{"count":0,"href":"https:\/\/plazajuarez.mx\/historico\/wp-json\/wp\/v2\/posts\/23051\/revisions"}],"wp:attachment":[{"href":"https:\/\/plazajuarez.mx\/historico\/wp-json\/wp\/v2\/media?parent=23051"}],"wp:term":[{"taxonomy":"category","embeddable":true,"href":"https:\/\/plazajuarez.mx\/historico\/wp-json\/wp\/v2\/categories?post=23051"},{"taxonomy":"post_tag","embeddable":true,"href":"https:\/\/plazajuarez.mx\/historico\/wp-json\/wp\/v2\/tags?post=23051"}],"curies":[{"name":"wp","href":"https:\/\/api.w.org\/{rel}","templated":true}]}}