{"id":23050,"date":"2016-06-15T13:03:56","date_gmt":"2016-06-15T13:03:56","guid":{"rendered":"http:\/\/plazajuarez.mx\/index\/index.php\/2016\/06\/15\/retratos-hablados-266\/"},"modified":"2016-06-15T13:03:56","modified_gmt":"2016-06-15T13:03:56","slug":"retratos-hablados-266","status":"publish","type":"post","link":"https:\/\/plazajuarez.mx\/historico\/retratos-hablados-266\/","title":{"rendered":"RETRATOS HABLADOS"},"content":{"rendered":"<p style=\"text-align: justify;\">\u25cf\u00a0\u00a0\u00a0 Gerardo Sosa, volver a los or\u00edgenes<\/p>\n<p>  <!--more-->  <\/p>\n<p style=\"text-align: justify;\">Luego que su nueva aventura pol\u00edtica electoral naufrag\u00f3, el Grupo Universidad decidi\u00f3, una vez m\u00e1s, practicar el arte del sincretismo convenenciero, que presenta los evidentes logros en nuestra M\u00e1xima Casa de Estudios como producto de su actuar, y negar toda relaci\u00f3n con la instituci\u00f3n cuando es asunto de intentar colocar a profesores en alg\u00fan cargo de elecci\u00f3n popular.<br \/>\u00a0\u00a0\u00a0 No es la primera ni \u00faltima ocasi\u00f3n que se intente utilizar a la UAEH con fines eminentemente personales y\/o de grupo. Tampoco que se busque, de manera ma\u00f1osa, hacer pasar al grupo pol\u00edtico que dirige desde hace m\u00e1s de 30 a\u00f1os los destinos de la Universidad, como parte de una Sant\u00edsima Trinidad, en la que no se puede entender a uno sin el otro, o lo que es igual, plantear que son lo mismo pero diferentes.<br \/>\u00a0\u00a0\u00a0 Sin duda alguna nuestra M\u00e1xima Casa de Estudios logr\u00f3 un crecimiento fundamental en las etapas que el actual Presidente del Patronato Universitario, Gerardo Sosa Castel\u00e1n, fungi\u00f3 como rector. De eso no hay, y negarlo ser\u00eda asumir la misma actitud que impone a sus corifeos, que catalogan a cualquiera que hace un an\u00e1lisis serio sobre la eternizaci\u00f3n de una persona o grupo en el poder, como terribles enemigos pagados por fuerzas oscuras.<br \/>\u00a0\u00a0\u00a0 Radica precisamente en ese proceder t\u00edpico de quienes han enfermado de poder, el factor que ha desencadenado un manejo solo similar al de tiempos pasados en la UAEH, cuando era la decisi\u00f3n de una sola persona la que guiaba por senderos casi siempre tortuosos, a la instituci\u00f3n.<br \/>\u00a0\u00a0\u00a0 Hombre meticuloso hasta el extremo, Sosa Castel\u00e1n logr\u00f3 el repunte m\u00e1s importante que haya tenido la instituci\u00f3n educativa, por una capacidad real para saber escuchar a quienes disent\u00edan de sus opiniones. <br \/>\u00a0\u00a0\u00a0 Pasado el tiempo no pudo esquivar los efectos de la adulaci\u00f3n, y prescindi\u00f3 de un selecto grupo de posibles aspirantes a la rector\u00eda, con la seguridad de que terminaba de tajo con quienes, en un futuro que nutr\u00edan de pesares sus consejeros, lo habr\u00edan de traicionar.<br \/>\u00a0\u00a0\u00a0 No saber dejar el poder a tiempo, con la certeza de que toda su obra ser\u00eda echada a la basura por sus sucesores, hoy mismo lo coloca en un papel cada vez m\u00e1s endeble y cuestionado, pero sobre todo preocupante porque puede derivar en una especie de semidictadura, en la que el temor se convierta en el principal elemento aglutinador alrededor de su figura.<br \/>\u00a0\u00a0\u00a0 Porque en t\u00e9rminos concretos nada puede ser eterno, y el primer s\u00edntoma de enfermedad por el poder, es tener la certeza de que ni el paso de los a\u00f1os podr\u00e1 con alguien que ha tenido la certeza de que el mismo tiempo se detiene ante su obra.<br \/>\u00a0\u00a0\u00a0 No, en definitiva la trayectoria de un personaje como el citado no puede calificarse a partir de una sola \u00f3ptica. Porque uno es el que construy\u00f3 la UAEH que hoy existe, otro el que ambicion\u00f3 llegar a la gubernatura de la entidad con la certeza de que podr\u00eda llevar la estrategia exitosa de la instituci\u00f3n educativa, y otro m\u00e1s el que, pasado el tiempo y otras cosas, lleg\u00f3 a la conclusi\u00f3n de que ten\u00eda por obligaci\u00f3n ser vigilante eterno de lo que hab\u00eda edificado.<br \/>\u00a0\u00a0\u00a0 Est\u00e1 claro que son los claroscuros que todo ser humano transita durante su existencia. Algunos expuestos a la opini\u00f3n p\u00fablica, otros no. <br \/>\u00a0\u00a0\u00a0 La aventura pol\u00edtica sin embargo, naufrag\u00f3 ya en varias ocasiones, y al hombre pragm\u00e1tico que es, le permitir\u00e1 la reflexi\u00f3n necesaria para, una vez m\u00e1s, redimensionar sus proyectos y objetivos.<\/p>\n<p>Mil gracias, hasta ma\u00f1ana.<\/p>\n<p>jeperalta@plazajuarez.mx\/historico\/historico<br \/>twitter: @JavierEPeralta<\/p>\n<p>CITA:<br \/>No saber dejar el poder a tiempo, con la certeza de que toda su obra ser\u00eda echada a la basura por sus sucesores, hoy mismo lo coloca en un papel cada vez m\u00e1s endeble y cuestionado, pero sobre todo preocupante porque puede derivar en una especie de semidictadura, en la que el temor se convierta en el principal elemento aglutinador alrededor de su figura.<\/p>\n<p>\u00a0\u00a0\u00a0 <br \/>\u00a0\u00a0\u00a0<\/p>\n","protected":false},"excerpt":{"rendered":"<p>\u25cf\u00a0\u00a0\u00a0 Gerardo Sosa, volver a los or\u00edgenes<\/p>\n","protected":false},"author":93,"featured_media":0,"comment_status":"open","ping_status":"open","sticky":false,"template":"","format":"standard","meta":{"footnotes":""},"categories":[49],"tags":[],"class_list":["post-23050","post","type-post","status-publish","format-standard","hentry","category-javier-peralta"],"_links":{"self":[{"href":"https:\/\/plazajuarez.mx\/historico\/wp-json\/wp\/v2\/posts\/23050","targetHints":{"allow":["GET"]}}],"collection":[{"href":"https:\/\/plazajuarez.mx\/historico\/wp-json\/wp\/v2\/posts"}],"about":[{"href":"https:\/\/plazajuarez.mx\/historico\/wp-json\/wp\/v2\/types\/post"}],"author":[{"embeddable":true,"href":"https:\/\/plazajuarez.mx\/historico\/wp-json\/wp\/v2\/users\/93"}],"replies":[{"embeddable":true,"href":"https:\/\/plazajuarez.mx\/historico\/wp-json\/wp\/v2\/comments?post=23050"}],"version-history":[{"count":0,"href":"https:\/\/plazajuarez.mx\/historico\/wp-json\/wp\/v2\/posts\/23050\/revisions"}],"wp:attachment":[{"href":"https:\/\/plazajuarez.mx\/historico\/wp-json\/wp\/v2\/media?parent=23050"}],"wp:term":[{"taxonomy":"category","embeddable":true,"href":"https:\/\/plazajuarez.mx\/historico\/wp-json\/wp\/v2\/categories?post=23050"},{"taxonomy":"post_tag","embeddable":true,"href":"https:\/\/plazajuarez.mx\/historico\/wp-json\/wp\/v2\/tags?post=23050"}],"curies":[{"name":"wp","href":"https:\/\/api.w.org\/{rel}","templated":true}]}}