{"id":230496,"date":"2022-09-19T09:41:42","date_gmt":"2022-09-19T14:41:42","guid":{"rendered":"https:\/\/plazajuarez.mx\/?p=230496"},"modified":"2022-09-19T09:41:48","modified_gmt":"2022-09-19T14:41:48","slug":"el-mejor-presidente-municipal-lo-tiene-hidalgo","status":"publish","type":"post","link":"https:\/\/plazajuarez.mx\/historico\/el-mejor-presidente-municipal-lo-tiene-hidalgo\/","title":{"rendered":"\u201cEl mejor presidente municipal lo tiene Hidalgo\u201d"},"content":{"rendered":"\n<h2 class=\"wp-block-heading\"><em>Pulso del Mezquital<\/em><strong>\u00a0<\/strong><\/h2>\n\n\n\n<p>Obviamente no vamos a preguntar c\u00f3mo ha de estar el peor. Los resentidos sociales en serio que ning\u00fan chile les embona, a nada le ven lo positivo y siempre le encuentran el negrito al arroz, en vez de sentirse orgullosos que Hidalgo, adem\u00e1s de ser una potencia en producci\u00f3n de pastes, barbacoa y huachicoleros, tambi\u00e9n lo somos de pol\u00edticos que trascienden m\u00e1s all\u00e1 de nuestras fronteras, aunque tengan que recurrir a la v\u00eda m\u00e1s corta, la chile-torta, la publicidad y el dinero.&nbsp;<\/p>\n\n\n\n<p>Cuando el presidente municipal de Mineral de la Reforma, Israel F\u00e9lix, se coloc\u00f3 al nivel de la alcaldesa de Le\u00f3n y el de Monterrey, Luis Donaldo Colosio, como los tres mejores de todo M\u00e9xico, solo le falt\u00f3 postear \u201cYo no soy vanidoso y bien sabe Dios que me sobran motivos para serlo\u201d, nivel de, me ves y sufres.&nbsp;<\/p>\n\n\n\n<p>Pero como sucede en estas cosas, cuando la gente simplemente no tolera el triunfo ajeno, los habitantes de su mismo municipio, pr\u00e1cticamente hicieron el concurso del bache m\u00e1s grande y&nbsp; feo del municipio, donde reina el mejor presidente municipal de Hidalgo, solo para recordarle, que los 15 millones de pesos programados para maquillar calles, simplemente no han aterrizado en este rinconcito donde gracias a la chile-torta, han salido del anonimato y trascendido en la tradici\u00f3n culinaria de la entidad, un platillo que es como el chamuco, saben que existe, pero nadie lo ha visto.&nbsp;<\/p>\n\n\n\n<p>Los sospechosistas, como pasa siempre, salieron a decir, que dicho reconocimiento, el cual es otorgado no por una calificadora, sino una organizaci\u00f3n patito, lo entrega v\u00eda una cooperaci\u00f3n econ\u00f3mica. Se hace la invitaci\u00f3n a los presidentes municipales para realizar dicha aportaci\u00f3n, a cambio adem\u00e1s del reconocimiento recibido, toda una campa\u00f1a de publicidad en medios de comunicaci\u00f3n y en redes sociales.&nbsp;<\/p>\n\n\n\n<p>Mientras los de Mineral de la Reforma, pueden presumir que tienen al presidente municipal m\u00e1s freg\u00f3n de Hidalgo, ni preguntamos c\u00f3mo les est\u00e1 yendo al resto de los municipios. Si en la capital de la chile-torta se quejan, en los otros municipios no amanecen. Seguramente algo deben estar pagando de sus vidas pasadas, de lo contrario no podemos comprender por qu\u00e9 tanta ofensa de tener ese tipo de presidentes municipales.&nbsp;<\/p>\n\n\n\n<p>Pero qu\u00e9 se le va a hacer. Ni modo que se le culpe a los presidentes municipales por no ser inteligentes o ser \u201cleidos y escrebidos\u201d, mucho menos por no tener en la mira un programa de gobierno, un sistema de evaluaci\u00f3n o de indicadores, porque si algo nos ha demostrado tanto arriba como abajo, que eso no es precisamente una garant\u00eda de \u00e9xito y por el contrario, ahora lo que est\u00e1 rifando, es ser famoso, no a fuerza talentoso, que les permite llegar a destinos jam\u00e1s imaginados.&nbsp;<\/p>\n\n\n\n<p>Por eso, no es de sorprenderse que los presidentes municipales no sepan distinguir qui\u00e9nes son nuestros h\u00e9roes y hero\u00ednas de la patria, por lo que es muy f\u00e1cil confundir a Josefa Ortiz de Dom\u00ednguez con Sor Juana In\u00e9s de la Cruz, o cambiarle el nombre de la Corregidora por el de Josefina y ah\u00ed por El Cardonal y Tenango de Doria, nos est\u00e1n dando la raz\u00f3n.&nbsp;<\/p>\n\n\n\n<p>En Corto:<\/p>\n\n\n\n<p>\u2022 A trav\u00e9s de este espacio, le env\u00edo un abrazo solidario y con mucho aprecio, a mi amigo, Guillermo Ch\u00e1vez, colega del diario digital, Informativo del Mezquital, por el lamentable fallecimiento de su hijo, Jos\u00e9 Gilberto Ch\u00e1vez Olgu\u00edn. Deseo pronta resignaci\u00f3n a su familia, seres queridos y amigos.&nbsp;<\/p>\n\n\n\n<p>S\u00edgueme en twitter<\/p>\n\n\n\n<p>@MarkoCabanas&nbsp;<\/p>\n","protected":false},"excerpt":{"rendered":"<p>Pulso del Mezquital\u00a0 Obviamente no vamos a preguntar c\u00f3mo ha de estar el peor. Los resentidos sociales en serio que ning\u00fan chile les embona, a nada le ven lo positivo y siempre le encuentran el negrito al arroz, en vez de sentirse orgullosos que Hidalgo, adem\u00e1s de ser una potencia en producci\u00f3n de pastes, barbacoa [&hellip;]<\/p>\n","protected":false},"author":75,"featured_media":209161,"comment_status":"closed","ping_status":"closed","sticky":false,"template":"","format":"standard","meta":{"footnotes":""},"categories":[87,42],"tags":[],"class_list":["post-230496","post","type-post","status-publish","format-standard","has-post-thumbnail","hentry","category-marco-cabanas","category-nuestrapalabra"],"_links":{"self":[{"href":"https:\/\/plazajuarez.mx\/historico\/wp-json\/wp\/v2\/posts\/230496","targetHints":{"allow":["GET"]}}],"collection":[{"href":"https:\/\/plazajuarez.mx\/historico\/wp-json\/wp\/v2\/posts"}],"about":[{"href":"https:\/\/plazajuarez.mx\/historico\/wp-json\/wp\/v2\/types\/post"}],"author":[{"embeddable":true,"href":"https:\/\/plazajuarez.mx\/historico\/wp-json\/wp\/v2\/users\/75"}],"replies":[{"embeddable":true,"href":"https:\/\/plazajuarez.mx\/historico\/wp-json\/wp\/v2\/comments?post=230496"}],"version-history":[{"count":0,"href":"https:\/\/plazajuarez.mx\/historico\/wp-json\/wp\/v2\/posts\/230496\/revisions"}],"wp:featuredmedia":[{"embeddable":true,"href":"https:\/\/plazajuarez.mx\/historico\/wp-json\/wp\/v2\/media\/209161"}],"wp:attachment":[{"href":"https:\/\/plazajuarez.mx\/historico\/wp-json\/wp\/v2\/media?parent=230496"}],"wp:term":[{"taxonomy":"category","embeddable":true,"href":"https:\/\/plazajuarez.mx\/historico\/wp-json\/wp\/v2\/categories?post=230496"},{"taxonomy":"post_tag","embeddable":true,"href":"https:\/\/plazajuarez.mx\/historico\/wp-json\/wp\/v2\/tags?post=230496"}],"curies":[{"name":"wp","href":"https:\/\/api.w.org\/{rel}","templated":true}]}}