{"id":230475,"date":"2022-09-19T09:31:40","date_gmt":"2022-09-19T14:31:40","guid":{"rendered":"https:\/\/plazajuarez.mx\/?p=230475"},"modified":"2022-09-19T09:33:11","modified_gmt":"2022-09-19T14:33:11","slug":"morir-a-tiempo","status":"publish","type":"post","link":"https:\/\/plazajuarez.mx\/historico\/morir-a-tiempo\/","title":{"rendered":"MORIR A TIEMPO"},"content":{"rendered":"\n<h2 class=\"wp-block-heading\"><em>Familia Pol\u00edtica<\/em><\/h2>\n\n\n\n<p>La Reina Isabel II muri\u00f3 en la c\u00faspide de su gloria. Su reinado, aunque el m\u00e1s longevo de los \u00faltimos tiempos, a\u00fan no ten\u00eda el repudio de su pueblo (seguramente alg\u00fan d\u00eda lo tendr\u00eda). Es impresionante mirar y admirar el llanto y tristeza desbordada de gente famosa por su flema, su fr\u00eda racionalidad, su dominio casi absoluto de las emociones. Con la sinceridad reflejada en cada rostro, en cada l\u00e1grima, en cada flor\u2026 un desfile que se antojaba interminable en el tiempo y en el espacio, transmit\u00eda al mundo un mensaje de lo que debe ser la alta pol\u00edtica y la imagen \u00f3ptima del pol\u00edtico, joven o viejo: la Reina Madre tuvo la fortuna de morir a tiempo.<\/p>\n\n\n\n<p>Un fen\u00f3meno mundial como \u00e9ste, lleva a actualizar meditaciones en relaci\u00f3n con la vida, pero principalmente con la muerte de algunos de los m\u00e1s grandes personajes de la historia. En principio, es importante considerar que algunos de ellos deben su fama y trascendencia m\u00e1s a su muerte que a su vida, por trascendentes que hayan sido sus logros. Podemos elucubrar en torno a la encorvada figura de S\u00f3crates de Atenas, el fil\u00f3sofo que deambulaba por los lugares p\u00fablicos vestido casi con harapos, para abordar a los personajes m\u00e1s encumbrados de la ciudad y acribillarlos con preguntas, al parecer ingenuas, pero cargadas de malicia enfocada a demostrar su ignorancia. La <em>Iron\u00eda<\/em> socr\u00e1tica destru\u00eda la \u201cimportantitis\u201d, el ego exacerbado de sus interlocutores y llev\u00f3 a nuestro personaje a acu\u00f1ar sus famosas frases: \u201cYo solo s\u00e9 que no s\u00e9 nada\u201d \u201cCon\u00f3cete a ti mismo\u201d, entre otras. Muri\u00f3 envenenado por su propia mano, en cumplimiento de una orden judicial por corruptor de la juventud.<\/p>\n\n\n\n<p>Fue el mundo griego, principalmente la ciudad de Atenas, escenario propicio para que se fundieran los nombres de grandes pensadores, seres mitol\u00f3gicos, poetas, personajes de tragedia&#8230; La muerte, dictada desde El Olimpo por decisi\u00f3n de los dioses, traz\u00f3 el ineluctable destino de muchos arquetipos de las acciones y pasiones m\u00e1s representativas del g\u00e9nero humano como: Homero, Aquiles, Ulises, Medea, Edipo, Electra y muchos m\u00e1s. Algunos murieron a tiempo, otros no tuvieron ese privilegio.<\/p>\n\n\n\n<p>En la Roma cl\u00e1sica, Julio C\u00e9sar, el poderoso dictador, por desconfiado, no ten\u00eda guardaespaldas; cierto d\u00eda de marzo, en la sala principal de La Curia, un grupo de senadores lo rodearon con el pretexto de pedirle favores y, en una concertada acci\u00f3n, lo ultimaron con veintitr\u00e9s pu\u00f1aladas. Entre los conspiradores se encontraba el personaje m\u00e1s querido por el gran General, a quien consideraba casi de su propia sangre. El anecdotario hist\u00f3rico le atribuye la frase: \u201c\u00bfT\u00fa tambi\u00e9n, Bruto, hijo m\u00edo?\u201d.<\/p>\n\n\n\n<p>Tambi\u00e9n, la muerte de Alejandro Magno gener\u00f3 un debate que trasciende hasta nuestros d\u00edas. La versi\u00f3n oficial es que muri\u00f3 de fiebres, en contra de la rumorolog\u00eda popular que afirma, sucumbi\u00f3 envenenado. Sea como fuere, la guada\u00f1a de La Parca cort\u00f3 su vida de manera prematura (a los 33 a\u00f1os), despu\u00e9s de crear uno de los imperios m\u00e1s grandes del mundo, en su tiempo.<\/p>\n\n\n\n<p>Sin duda, la muerte que m\u00e1s trasciende en el mundo (sobre todo occidental), es la de Jes\u00fas de Nazareth. El mesi\u00e1nico personaje cuya venida al mundo anunciara su primo, otro profeta que deambulaba por aquellas des\u00e9rticas tierras bautizando a quienes cre\u00edan en sus predicciones, incluyendo al propio Rab\u00ed de Galilea. La vida de Juan \u201cEl Bautista\u201d estaba en su culminaci\u00f3n cuando por la lascivia de Herodes y la belleza de Salom\u00e9, rod\u00f3 su cabeza cercenada y ofrecida al Tetrarca en una charola de plata. Despu\u00e9s, el Maestro Jes\u00fas, fue dolorosamente humillado con golpes y escupitajos, llevando hasta la cruz el cruel tormento romano, en cumplimiento de la condena que dict\u00f3 en su contra su mismo pueblo, el jud\u00edo. A pesar de que lleg\u00f3 al sacrificio por voluntad propia, conocedor de su destino, en el \u00faltimo momento pronunci\u00f3 las c\u00e9lebres siete palabras, que algo tienen de moment\u00e1neo reproche: \u201cPadre m\u00edo, \u00bfpor qu\u00e9 me has abandonado?\u201d.<\/p>\n\n\n\n<p>En otros tiempos, en diferentes espacios, bajo distintas circunstancias, podemos hablar de Johann Wolfgang&nbsp;von&nbsp;Goethe, el genio alem\u00e1n quien, en su lecho de muerte alcanz\u00f3 a pronunciar su epitafio: \u201cLuz, quiero m\u00e1s luz\u201d.&nbsp;<\/p>\n\n\n\n<p>El c\u00e9lebre Fouch\u00e9, terrible \u201cGenio de las Tinieblas\u201d, siniestro jefe de la polic\u00eda francesa, mand\u00f3 a la guillotina a muchos ciudadanos de su entorno; muri\u00f3 en su cama de manera pac\u00edfica y alejado de la violencia.&nbsp;<\/p>\n\n\n\n<p>Crist\u00f3bal Col\u00f3n y Hern\u00e1n Cort\u00e9s, cambiaron definitivamente la historia de Europa, murieron olvidados, carentes de fama y fortuna. El Presidente Benito Ju\u00e1rez, Benem\u00e9rito de las Am\u00e9ricas, lleg\u00f3 al poder con muchas dificultades por su origen ind\u00edgena pero, al alcanzarlo, jam\u00e1s se desprendi\u00f3 de \u00e9l. Una ben\u00e9vola angina de pecho termin\u00f3 con su vida, antes de que su pueblo dejara de creerle, como sucedi\u00f3 con su paisano y pr\u00e1cticamente sucesor, Don Porfirio D\u00edaz: soldado impecable, militar pundonoroso ajeno a la corrupci\u00f3n, fue expulsado por la Revoluci\u00f3n Mexicana de 1910, por el \u00fanico pecado de no morir a tiempo.<\/p>\n\n\n\n<p>Sirvan estas modestas l\u00edneas para unirme al homenaje a una anciana monarca, quien supo honrar la imagen del pol\u00edtico y gobernar durante d\u00e9cadas sin perder el amor y reconocimiento de su pueblo.&nbsp;<\/p>\n\n\n\n<p><strong>Tuvo la fortuna de morir a tiempo.<\/strong><\/p>\n","protected":false},"excerpt":{"rendered":"<p>Familia Pol\u00edtica La Reina Isabel II muri\u00f3 en la c\u00faspide de su gloria. Su reinado, aunque el m\u00e1s longevo de los \u00faltimos tiempos, a\u00fan no ten\u00eda el repudio de su pueblo (seguramente alg\u00fan d\u00eda lo tendr\u00eda). Es impresionante mirar y admirar el llanto y tristeza desbordada de gente famosa por su flema, su fr\u00eda racionalidad, [&hellip;]<\/p>\n","protected":false},"author":89,"featured_media":230477,"comment_status":"closed","ping_status":"closed","sticky":false,"template":"","format":"standard","meta":{"footnotes":""},"categories":[42,50],"tags":[],"class_list":["post-230475","post","type-post","status-publish","format-standard","has-post-thumbnail","hentry","category-nuestrapalabra","category-prisciliano-gutierrez"],"_links":{"self":[{"href":"https:\/\/plazajuarez.mx\/historico\/wp-json\/wp\/v2\/posts\/230475","targetHints":{"allow":["GET"]}}],"collection":[{"href":"https:\/\/plazajuarez.mx\/historico\/wp-json\/wp\/v2\/posts"}],"about":[{"href":"https:\/\/plazajuarez.mx\/historico\/wp-json\/wp\/v2\/types\/post"}],"author":[{"embeddable":true,"href":"https:\/\/plazajuarez.mx\/historico\/wp-json\/wp\/v2\/users\/89"}],"replies":[{"embeddable":true,"href":"https:\/\/plazajuarez.mx\/historico\/wp-json\/wp\/v2\/comments?post=230475"}],"version-history":[{"count":0,"href":"https:\/\/plazajuarez.mx\/historico\/wp-json\/wp\/v2\/posts\/230475\/revisions"}],"wp:featuredmedia":[{"embeddable":true,"href":"https:\/\/plazajuarez.mx\/historico\/wp-json\/wp\/v2\/media\/230477"}],"wp:attachment":[{"href":"https:\/\/plazajuarez.mx\/historico\/wp-json\/wp\/v2\/media?parent=230475"}],"wp:term":[{"taxonomy":"category","embeddable":true,"href":"https:\/\/plazajuarez.mx\/historico\/wp-json\/wp\/v2\/categories?post=230475"},{"taxonomy":"post_tag","embeddable":true,"href":"https:\/\/plazajuarez.mx\/historico\/wp-json\/wp\/v2\/tags?post=230475"}],"curies":[{"name":"wp","href":"https:\/\/api.w.org\/{rel}","templated":true}]}}