{"id":23044,"date":"2016-06-15T12:55:33","date_gmt":"2016-06-15T12:55:33","guid":{"rendered":"http:\/\/plazajuarez.mx\/index\/index.php\/2016\/06\/15\/sector-externo-y-debil-crecimiento-2016-17\/"},"modified":"2016-06-15T12:55:33","modified_gmt":"2016-06-15T12:55:33","slug":"sector-externo-y-debil-crecimiento-2016-17","status":"publish","type":"post","link":"https:\/\/plazajuarez.mx\/historico\/sector-externo-y-debil-crecimiento-2016-17\/","title":{"rendered":"Sector externo y d\u00e9bil crecimiento 2016-17"},"content":{"rendered":"<p style=\"text-align: justify;\">El mercado interno estuvo frenado en 2013 y 2014 y s\u00f3lo comenz\u00f3 a recuperarse en 2015 y en lo que va de 2016. Un indicador de esto son las ventas del sector comercial<\/p>\n<p>  <!--more-->  <\/p>\n<p style=\"text-align: justify;\">Las exportaciones de M\u00e9xico, un tercio del PIB en valor, est\u00e1n en su segunda ca\u00edda este a\u00f1o, despu\u00e9s de bajo crecimiento desde 2012. De ah\u00ed la lenta expansi\u00f3n del producto desde ese a\u00f1o. <br \/>El mercado interno estuvo frenado en 2013 y 2014 y s\u00f3lo comenz\u00f3 a recuperarse en 2015 y en lo que va de 2016. Un indicador de esto son las ventas del sector comercial. El volumen de las de menudeo se aceler\u00f3 de 2.7% en 2014 a 5.1% en 2015 y 7.1% en 2016. <br \/>Esto ha hecho pensar a muchos que el motor del mercado interno puede reemplazar al de las exportaciones. Aunque as\u00ed es, hasta ahora, es improbable que se pueda mantener. <br \/>La raz\u00f3n es la debilidad de los ingresos por trabajo, no en n\u00famero de empleados, sino en lo que ganan, la masa salarial. Ya que 78% de la poblaci\u00f3n ocupada que reporta ingreso de trabajo gana s\u00f3lo hasta 3 salarios m\u00ednimos (6 mil 570 al mes), no deber\u00eda esperarse que la venta interna sostenga el crecimiento en tasas parecidas al 2.5% registrado en 2015. <br \/>Por lo tanto, el aumento de ventas visto hasta ahora no se podr\u00e1 sostener por mucho tiempo m\u00e1s, a menos que haya una fuerte expansi\u00f3n del cr\u00e9dito bancario al consumo. O bien, que haya m\u00e1s devaluaci\u00f3n que eleve el valor en pesos de las remesas familiares sin aumentar la inflaci\u00f3n. <br \/>Esto nos regresa al sector externo. La exportaci\u00f3n perdi\u00f3 16 mil millones de d\u00f3lares en 2015 y hasta abril de 2016 otros 8 mil millones. La ca\u00edda de la petrolera no es sorpresa, pues comenz\u00f3 desde 2014. Pero la ca\u00edda de la exportaci\u00f3n manufacturera s\u00ed causa preocupaci\u00f3n porque no se ve\u00eda desde 2009, el inicio de la crisis global. <br \/>Es un hecho que la crisis global no se ha resuelto y que en 2016 enfrenta un nuevo cap\u00edtulo de debilidad, al estar casi agotadas las pol\u00edticas de est\u00edmulo macroecon\u00f3mico de los gobiernos o su impacto (en el caso de la zona euro). As\u00ed, la econom\u00eda real no tiene mucho colch\u00f3n que le impida caer. <br \/>En 2015 la exportaci\u00f3n de manufacturas s\u00f3lo aument\u00f3 en 2 mil 700 millones de d\u00f3lares, cuando un a\u00f1o antes lo hab\u00eda hecho en 22 mil 700 millones. Hasta abril de 2016 su ca\u00edda con respecto al mismo periodo del a\u00f1o anterior fue de 4 mil 700 millones. <br \/>En efecto, ya se advierte en Estados Unidos que las ventas automotrices han tocado su techo y no dan margen para expandir nuestras exportaciones. De ah\u00ed que la exportaci\u00f3n automotriz mexicana haya ca\u00eddo 15.6% anualmente en abril y que eso haya hecho que la producci\u00f3n cayera 4.9%. <br \/>Las agresivas promociones de ventas en a\u00f1os recientes con cr\u00e9dito f\u00e1cil e incentivos en efectivo por parte de armadores y distribuidores automotrices causaron que los consumidores adelantaran compras que normalmente hubieran hecho en a\u00f1os posteriores y que ahora ya no se har\u00e1n. <br \/>Entre otras razones, por esta causa no debe esperarse mucho del sector externo de la econom\u00eda en 2016 o 2017. El crecimiento del PIB seguir\u00e1 dependiendo de un mercado interno que, por su poca fortaleza en ingresos familiares, lo mantendr\u00e1 m\u00e1s cerca de 2% que de 3%. Tampoco se descarta que sea menor, excepto si hubiera devaluaci\u00f3n sin inflaci\u00f3n o si aumentara mucho el salario m\u00ednimo, como parecen ser los planes oficiales. <br \/>No hay que olvidar, sin embargo, que un aumento repentino del consumo interno cuando la exportaci\u00f3n se debilita, llevar\u00e1 a un d\u00e9ficit externo mayor. Hasta abril el d\u00e9ficit comercial triplic\u00f3 la cifra del mismo periodo de 2015. <br \/>Ser\u00e1 dif\u00edcil encontrar un equilibrio satisfactorio entre crecimiento, tipo de cambio, inflaci\u00f3n y d\u00e9ficit externo. Si \u00e9ste no va a aumentar, el gobierno tendr\u00e1 que sacrificar el crecimiento. Si \u00e9ste aumenta con base en consumo, aumentar\u00e1 el d\u00e9ficit externo. <br \/>Correo: rograo@gmail.com \u00a0\u00a0\u00a0 \u00a0\u00a0\u00a0 <\/p>\n","protected":false},"excerpt":{"rendered":"<p>El mercado interno estuvo frenado en 2013 y 2014 y s\u00f3lo comenz\u00f3 a recuperarse en 2015 y en lo que va de 2016. Un indicador de esto son las ventas del sector comercial<\/p>\n","protected":false},"author":93,"featured_media":0,"comment_status":"open","ping_status":"open","sticky":false,"template":"","format":"standard","meta":{"footnotes":""},"categories":[42],"tags":[],"class_list":["post-23044","post","type-post","status-publish","format-standard","hentry","category-nuestrapalabra"],"_links":{"self":[{"href":"https:\/\/plazajuarez.mx\/historico\/wp-json\/wp\/v2\/posts\/23044","targetHints":{"allow":["GET"]}}],"collection":[{"href":"https:\/\/plazajuarez.mx\/historico\/wp-json\/wp\/v2\/posts"}],"about":[{"href":"https:\/\/plazajuarez.mx\/historico\/wp-json\/wp\/v2\/types\/post"}],"author":[{"embeddable":true,"href":"https:\/\/plazajuarez.mx\/historico\/wp-json\/wp\/v2\/users\/93"}],"replies":[{"embeddable":true,"href":"https:\/\/plazajuarez.mx\/historico\/wp-json\/wp\/v2\/comments?post=23044"}],"version-history":[{"count":0,"href":"https:\/\/plazajuarez.mx\/historico\/wp-json\/wp\/v2\/posts\/23044\/revisions"}],"wp:attachment":[{"href":"https:\/\/plazajuarez.mx\/historico\/wp-json\/wp\/v2\/media?parent=23044"}],"wp:term":[{"taxonomy":"category","embeddable":true,"href":"https:\/\/plazajuarez.mx\/historico\/wp-json\/wp\/v2\/categories?post=23044"},{"taxonomy":"post_tag","embeddable":true,"href":"https:\/\/plazajuarez.mx\/historico\/wp-json\/wp\/v2\/tags?post=23044"}],"curies":[{"name":"wp","href":"https:\/\/api.w.org\/{rel}","templated":true}]}}