{"id":23043,"date":"2016-06-15T12:52:25","date_gmt":"2016-06-15T12:52:25","guid":{"rendered":"http:\/\/plazajuarez.mx\/index\/index.php\/2016\/06\/15\/viuda-de-borges-conmemora-30-anos-de-su-muerte-en-ginebra\/"},"modified":"2016-06-15T12:52:25","modified_gmt":"2016-06-15T12:52:25","slug":"viuda-de-borges-conmemora-30-anos-de-su-muerte-en-ginebra","status":"publish","type":"post","link":"https:\/\/plazajuarez.mx\/historico\/viuda-de-borges-conmemora-30-anos-de-su-muerte-en-ginebra\/","title":{"rendered":"Viuda de Borges conmemora 30 a\u00f1os de su muerte en Ginebra"},"content":{"rendered":"<p style=\"text-align: justify;\">Jorge Luis Borges consideraba a Ginebra como un ejemplo de lo que el mundo deber\u00eda ser y por eso la escogi\u00f3 para pasar sus \u00faltimas horas, seg\u00fan sostuvo su viuda, Mar\u00eda Kodama, quien estuvo en la ciudad de Calvino conmemorando el 30 aniversario de la muerte del inefable autor argentino.<\/p>\n<p>  <!--more-->  <\/p>\n<p style=\"text-align: justify;\">&#8220;Ginebra y Suiza eran para Borges como un faro que el mundo deber\u00eda seguir&#8221;, afirm\u00f3 Kodama en un homenaje organizado por la Fundaci\u00f3n Martin Bodmer -un museo dedicado a la conservaci\u00f3n del pensamiento universal inscrito en libros- para loar la figura del autor argentino. <br \/>&#8220;\u00c9l estuvo ac\u00e1 durante la Primera Guerra Mundial y entonces vio el trato que daban a los refugiados y qued\u00f3 muy impresionado a ra\u00edz de eso. Creci\u00f3 aqu\u00ed, fue muy feliz e hizo grandes amigos&#8221;, explic\u00f3 su viuda. <br \/>&#8220;Ginebra representaba para \u00e9l la sabidur\u00eda y el respeto&#8221;, afirm\u00f3 la escritora argentina, que fue secretaria del autor durante m\u00e1s de una d\u00e9cada antes de contraer matrimonio. <br \/>&#8220;Estoy aqu\u00ed por la trascendencia de lo que significa, es decir, el amor que \u00e9l ten\u00eda por Ginebra, el haber dedicado su \u00faltima obra, &#8216;Los conjurados&#8217;, a Ginebra y a trav\u00e9s de eso, el amor que \u00e9l sent\u00eda por la forma en que pa\u00edses que hablan distintas lenguas, que tienen distintas religiones, a trav\u00e9s de la raz\u00f3n, llegan a formar un pa\u00eds respetando las diferencias&#8221;. <\/p>\n","protected":false},"excerpt":{"rendered":"<p>Jorge Luis Borges consideraba a Ginebra como un ejemplo de lo que el mundo deber\u00eda ser y por eso la escogi\u00f3 para pasar sus \u00faltimas horas, seg\u00fan sostuvo su viuda, Mar\u00eda Kodama, quien estuvo en la ciudad de Calvino conmemorando el 30 aniversario de la muerte del inefable autor argentino.<\/p>\n","protected":false},"author":93,"featured_media":0,"comment_status":"open","ping_status":"open","sticky":false,"template":"","format":"standard","meta":{"footnotes":""},"categories":[41],"tags":[],"class_list":["post-23043","post","type-post","status-publish","format-standard","hentry","category-arteria-cultural"],"_links":{"self":[{"href":"https:\/\/plazajuarez.mx\/historico\/wp-json\/wp\/v2\/posts\/23043","targetHints":{"allow":["GET"]}}],"collection":[{"href":"https:\/\/plazajuarez.mx\/historico\/wp-json\/wp\/v2\/posts"}],"about":[{"href":"https:\/\/plazajuarez.mx\/historico\/wp-json\/wp\/v2\/types\/post"}],"author":[{"embeddable":true,"href":"https:\/\/plazajuarez.mx\/historico\/wp-json\/wp\/v2\/users\/93"}],"replies":[{"embeddable":true,"href":"https:\/\/plazajuarez.mx\/historico\/wp-json\/wp\/v2\/comments?post=23043"}],"version-history":[{"count":0,"href":"https:\/\/plazajuarez.mx\/historico\/wp-json\/wp\/v2\/posts\/23043\/revisions"}],"wp:attachment":[{"href":"https:\/\/plazajuarez.mx\/historico\/wp-json\/wp\/v2\/media?parent=23043"}],"wp:term":[{"taxonomy":"category","embeddable":true,"href":"https:\/\/plazajuarez.mx\/historico\/wp-json\/wp\/v2\/categories?post=23043"},{"taxonomy":"post_tag","embeddable":true,"href":"https:\/\/plazajuarez.mx\/historico\/wp-json\/wp\/v2\/tags?post=23043"}],"curies":[{"name":"wp","href":"https:\/\/api.w.org\/{rel}","templated":true}]}}