{"id":23039,"date":"2016-06-15T12:51:34","date_gmt":"2016-06-15T12:51:34","guid":{"rendered":"http:\/\/plazajuarez.mx\/index\/index.php\/2016\/06\/15\/en-instituto-municipal-para-la-cultura-musica-danza-teatro-y-fotografia\/"},"modified":"2016-06-15T12:51:34","modified_gmt":"2016-06-15T12:51:34","slug":"en-instituto-municipal-para-la-cultura-musica-danza-teatro-y-fotografia","status":"publish","type":"post","link":"https:\/\/plazajuarez.mx\/historico\/en-instituto-municipal-para-la-cultura-musica-danza-teatro-y-fotografia\/","title":{"rendered":"En Instituto Municipal para la Cultura: m\u00fasica, danza, teatro y fotograf\u00eda"},"content":{"rendered":"<p style=\"text-align: justify;\">CICLO DE CONFERENCIAS SOBRE LOCUCI\u00d3N\u00a0 <br \/>\u25cf\u00a0\u00a0\u00a0 Festival Latinoamericano de Teatro hasta el 17 de junio<br \/>\u25cf\u00a0\u00a0\u00a0 Exposici\u00f3n fotogr\u00e1fica Geoparque Comarca Minera <br \/>\u25cf\u00a0\u00a0\u00a0 Muestra pict\u00f3rica Retrospectiva de Emmanuel Geitz<\/p>\n<p>  <!--more-->  <\/p>\n<p style=\"text-align: justify;\">\n<p>Durante la segunda quincena de junio, el Instituto Municipal para la Cultura de Pachuca ofrece al p\u00fablico en general un variado programa de actividades gratuitas en el Centro Cultural El Reloj que incluye: m\u00fasica, danza, teatro y fotograf\u00eda, as\u00ed como un ciclo de conferencias sobre locuci\u00f3n a celebrase en el Centro Cultural el Reloj.<\/p>\n<p>\u00a0\u00a0\u00a0 As\u00ed lo dio a conocer el director de ese instituto, Horacio Hern\u00e1ndez Guerrero, quien destac\u00f3 los conciertos de la Orquesta Filarm\u00f3nica de Pachuca, agrupaci\u00f3n que, bajo la batuta de Marco Antonio Orozco, ofrecer\u00e1 dos conciertos en los que interpretar\u00e1n piezas de reconocidos compositores. Estas presentaciones se realizar\u00e1n los mi\u00e9rcoles 15 y 29 de junio, a las 18:00 horas, en el recinto de la Plaza Independencia.<\/p>\n<p>\u00a0\u00a0\u00a0 El funcionario capitalino indic\u00f3 que otra opci\u00f3n de entretenimiento es la presentaci\u00f3n del Ballet Folcl\u00f3rico de Pachuca, agrupaci\u00f3n dirigida por Ennio Serrano, que el s\u00e1bado 18 a las 18:00 horas interpretar\u00e1 cuadros t\u00edpicos de diferentes estados de nuestro pa\u00eds, pero especialmente de las regiones de Hidalgo.<\/p>\n<p>\u00a0\u00a0\u00a0 Por otra parte, Hern\u00e1ndez Guerrero se refiri\u00f3 al ciclo de conferencias impartidas el jueves 16 a partir de las 17:00 horas, por parte de la Escuela Nacional de Locuci\u00f3n (Enaloc), las cuales est\u00e1n abiertas al p\u00fablico en general y especialmente estudiantes de Ciencias de la Comunicaci\u00f3n.\u00a0 \u00a0\u00a0\u00a0 \u00a0\u00a0 <\/p>\n<p>\u00a0\u00a0\u00a0 Con relaci\u00f3n a exposiciones, Horacio Hern\u00e1ndez expres\u00f3 que se llevar\u00e1 a cabo la muestra denominada Retrospectiva de Emmanuel Geitz, quien por medio de obras pict\u00f3ricas de car\u00e1cter surrealista plasma en el lienzo diversos aspectos psicol\u00f3gicos.<\/p>\n<p>\u00a0\u00a0\u00a0 Otra exposici\u00f3n, titulada Geoparque, presenta por medio de fotograf\u00edas y gr\u00e1ficas aspectos promovidos por la UNAM sobre la propuesta ante la Organizaci\u00f3n de las Naciones Unidas para la Educaci\u00f3n, la Ciencia y la Cultura (UNESCO) para designar como Geoparque la Comarca Minera de nuestro estado. Ambas exposiciones se presentar\u00e1n a partir del viernes 17.<br \/>\u00a0\u00a0\u00a0 \u00a0<br \/>Horacio Hern\u00e1ndez se\u00f1al\u00f3 que para los aficionados al rock, el mi\u00e9rcoles 22 a las 19:00 horas se presentar\u00e1 el grupo Stiemmen y para el s\u00e1bado 25 a las 18:00 horas el espacio est\u00e1 reservado para una exhibici\u00f3n de danza contempor\u00e1nea con el grupo Orion Academy.<\/p>\n<p>El titular del Instituto Municipal para la Cultura explic\u00f3 que las actividades a su cargo incluyen tambi\u00e9n la colaboraci\u00f3n con otras instancias. Al respecto subray\u00f3 la coordinaci\u00f3n en el Tercer Festival Latinoamericano de Teatro que se celebrar\u00e1 hasta el pr\u00f3ximo viernes 17 en el Foro Siqueiros, de la preparatoria con el mismo nombre, en el que participan pa\u00edses como Argentina, Brasil, Colombia, Venezuela y M\u00e9xico.\u00a0<\/p>\n","protected":false},"excerpt":{"rendered":"<p>CICLO DE CONFERENCIAS SOBRE LOCUCI\u00d3N\u00a0 \u25cf\u00a0\u00a0\u00a0 Festival Latinoamericano de Teatro hasta el 17 de junio\u25cf\u00a0\u00a0\u00a0 Exposici\u00f3n fotogr\u00e1fica Geoparque Comarca Minera \u25cf\u00a0\u00a0\u00a0 Muestra pict\u00f3rica Retrospectiva de Emmanuel Geitz<\/p>\n","protected":false},"author":93,"featured_media":0,"comment_status":"open","ping_status":"open","sticky":false,"template":"","format":"standard","meta":{"footnotes":""},"categories":[62],"tags":[],"class_list":["post-23039","post","type-post","status-publish","format-standard","hentry","category-pachuca"],"_links":{"self":[{"href":"https:\/\/plazajuarez.mx\/historico\/wp-json\/wp\/v2\/posts\/23039","targetHints":{"allow":["GET"]}}],"collection":[{"href":"https:\/\/plazajuarez.mx\/historico\/wp-json\/wp\/v2\/posts"}],"about":[{"href":"https:\/\/plazajuarez.mx\/historico\/wp-json\/wp\/v2\/types\/post"}],"author":[{"embeddable":true,"href":"https:\/\/plazajuarez.mx\/historico\/wp-json\/wp\/v2\/users\/93"}],"replies":[{"embeddable":true,"href":"https:\/\/plazajuarez.mx\/historico\/wp-json\/wp\/v2\/comments?post=23039"}],"version-history":[{"count":0,"href":"https:\/\/plazajuarez.mx\/historico\/wp-json\/wp\/v2\/posts\/23039\/revisions"}],"wp:attachment":[{"href":"https:\/\/plazajuarez.mx\/historico\/wp-json\/wp\/v2\/media?parent=23039"}],"wp:term":[{"taxonomy":"category","embeddable":true,"href":"https:\/\/plazajuarez.mx\/historico\/wp-json\/wp\/v2\/categories?post=23039"},{"taxonomy":"post_tag","embeddable":true,"href":"https:\/\/plazajuarez.mx\/historico\/wp-json\/wp\/v2\/tags?post=23039"}],"curies":[{"name":"wp","href":"https:\/\/api.w.org\/{rel}","templated":true}]}}