{"id":230370,"date":"2022-09-18T07:32:00","date_gmt":"2022-09-18T12:32:00","guid":{"rendered":"https:\/\/plazajuarez.mx\/?p=230370"},"modified":"2022-09-18T10:10:45","modified_gmt":"2022-09-18T15:10:45","slug":"abordaron-prevencion-de-riesgos-meteorologicos","status":"publish","type":"post","link":"https:\/\/plazajuarez.mx\/historico\/abordaron-prevencion-de-riesgos-meteorologicos\/","title":{"rendered":"Abordaron prevenci\u00f3n de\u00a0riesgos meteorol\u00f3gicos\u00a0"},"content":{"rendered":"\n<p>En el desarrollo de la segunda mesa de la Coordinaci\u00f3n Estatal para la Construcci\u00f3n de Paz y Seguridad encabezada por el secretario de Gobierno de Hidalgo, Guillermo Olivares Reyna, se abordaron temas de prevenci\u00f3n de riesgos meteorol\u00f3gicos e inundaciones en el marco de la temporada de ciclones.<\/p>\n\n\n\n<p>En ese sentido se emiti\u00f3 un exhorto a presidentes municipales para implementar y dar seguimiento a las acciones de prevenci\u00f3n, an\u00e1lisis y diagn\u00f3sticos de riesgos municipales para salvaguardar a la poblaci\u00f3n hidalguense, sin dejar de lado el acompa\u00f1amiento que tendr\u00e1n de parte del gobierno estatal.<\/p>\n\n\n\n<p>Por instrucciones del gobernador Julio Menchaca Salazar, se coordinan acciones de la pol\u00edtica de seguridad bajo una vinculaci\u00f3n interinstitucional con el Gobierno de M\u00e9xico que preside Andr\u00e9s Manuel L\u00f3pez Obrador; por ello, Olivares Reyna recalc\u00f3 la importancia de que las y los titulares asistan y participen de estas mesas.<\/p>\n","protected":false},"excerpt":{"rendered":"<p>En el desarrollo de la segunda mesa de la Coordinaci\u00f3n Estatal para la Construcci\u00f3n de Paz y Seguridad encabezada por el secretario de Gobierno de Hidalgo, Guillermo Olivares Reyna, se abordaron temas de prevenci\u00f3n de riesgos meteorol\u00f3gicos e inundaciones en el marco de la temporada de ciclones. En ese sentido se emiti\u00f3 un exhorto a [&hellip;]<\/p>\n","protected":false},"author":93,"featured_media":230383,"comment_status":"closed","ping_status":"closed","sticky":false,"template":"","format":"standard","meta":{"footnotes":""},"categories":[15,59],"tags":[],"class_list":["post-230370","post","type-post","status-publish","format-standard","has-post-thumbnail","hentry","category-destacadas","category-general"],"_links":{"self":[{"href":"https:\/\/plazajuarez.mx\/historico\/wp-json\/wp\/v2\/posts\/230370","targetHints":{"allow":["GET"]}}],"collection":[{"href":"https:\/\/plazajuarez.mx\/historico\/wp-json\/wp\/v2\/posts"}],"about":[{"href":"https:\/\/plazajuarez.mx\/historico\/wp-json\/wp\/v2\/types\/post"}],"author":[{"embeddable":true,"href":"https:\/\/plazajuarez.mx\/historico\/wp-json\/wp\/v2\/users\/93"}],"replies":[{"embeddable":true,"href":"https:\/\/plazajuarez.mx\/historico\/wp-json\/wp\/v2\/comments?post=230370"}],"version-history":[{"count":0,"href":"https:\/\/plazajuarez.mx\/historico\/wp-json\/wp\/v2\/posts\/230370\/revisions"}],"wp:featuredmedia":[{"embeddable":true,"href":"https:\/\/plazajuarez.mx\/historico\/wp-json\/wp\/v2\/media\/230383"}],"wp:attachment":[{"href":"https:\/\/plazajuarez.mx\/historico\/wp-json\/wp\/v2\/media?parent=230370"}],"wp:term":[{"taxonomy":"category","embeddable":true,"href":"https:\/\/plazajuarez.mx\/historico\/wp-json\/wp\/v2\/categories?post=230370"},{"taxonomy":"post_tag","embeddable":true,"href":"https:\/\/plazajuarez.mx\/historico\/wp-json\/wp\/v2\/tags?post=230370"}],"curies":[{"name":"wp","href":"https:\/\/api.w.org\/{rel}","templated":true}]}}