{"id":230366,"date":"2022-09-18T07:32:00","date_gmt":"2022-09-18T12:32:00","guid":{"rendered":"https:\/\/plazajuarez.mx\/?p=230366"},"modified":"2022-09-18T09:31:15","modified_gmt":"2022-09-18T14:31:15","slug":"momentos-2","status":"publish","type":"post","link":"https:\/\/plazajuarez.mx\/historico\/momentos-2\/","title":{"rendered":"Momentos"},"content":{"rendered":"\n<h2 class=\"wp-block-heading\">RELATOS DE VIDA<\/h2>\n\n\n\n<p>Y un d\u00eda se levant\u00f3 y sencillamente dijo &#8220;Ya no m\u00e1s&#8221;, puso fin al sufrimiento que debi\u00f3 haber terminado desde hace mucho tiempo pero que insist\u00eda en mantenerlo por no tener el valor suficiente para reconocer, valorar y amarse.<\/p>\n\n\n\n<p>Tiene miedo de no lograrlo y regresar a ese lugar de conformismo, de poco amor propio, baja autoestima y nula confianza; pero sabe que ahora cuenta con una valiosa herramienta, la decisi\u00f3n, por fin pudo decir &#8220;Ya no m\u00e1s&#8221;.<\/p>\n\n\n\n<p>Sabe que ser\u00e1 dif\u00edcil pero tambi\u00e9n reconoce que tiene que ser &#8220;un paso a la vez&#8221;, por lo mientras repite en cada oportunidad que ya no hay vuelta atr\u00e1s, y si acaso voltea ser\u00e1 para recordarse lo valiente que fue al tomar, por fin, la decisi\u00f3n.<\/p>\n\n\n\n<p>Lo est\u00e1 haciendo bien, y cuando siente que flaquea recuerda los nuevos momentos que ha sumado a su vida, esos que est\u00e1n acompa\u00f1ados de risas, pl\u00e1ticas y aprendizaje derivado de su nueva actitud y ganas.<\/p>\n\n\n\n<p>Hoy ve al mundo desde una perspectiva diferente, ya no carga culpas ajenas, ni remordimientos, ni dudas, se siente m\u00e1s ligera, hoy solo disfruta los nuevos y buenos momentos.<\/p>\n","protected":false},"excerpt":{"rendered":"<p>RELATOS DE VIDA Y un d\u00eda se levant\u00f3 y sencillamente dijo &#8220;Ya no m\u00e1s&#8221;, puso fin al sufrimiento que debi\u00f3 haber terminado desde hace mucho tiempo pero que insist\u00eda en mantenerlo por no tener el valor suficiente para reconocer, valorar y amarse. Tiene miedo de no lograrlo y regresar a ese lugar de conformismo, de [&hellip;]<\/p>\n","protected":false},"author":73,"featured_media":230375,"comment_status":"closed","ping_status":"closed","sticky":false,"template":"","format":"standard","meta":{"footnotes":""},"categories":[85],"tags":[],"class_list":["post-230366","post","type-post","status-publish","format-standard","has-post-thumbnail","hentry","category-relatos"],"_links":{"self":[{"href":"https:\/\/plazajuarez.mx\/historico\/wp-json\/wp\/v2\/posts\/230366","targetHints":{"allow":["GET"]}}],"collection":[{"href":"https:\/\/plazajuarez.mx\/historico\/wp-json\/wp\/v2\/posts"}],"about":[{"href":"https:\/\/plazajuarez.mx\/historico\/wp-json\/wp\/v2\/types\/post"}],"author":[{"embeddable":true,"href":"https:\/\/plazajuarez.mx\/historico\/wp-json\/wp\/v2\/users\/73"}],"replies":[{"embeddable":true,"href":"https:\/\/plazajuarez.mx\/historico\/wp-json\/wp\/v2\/comments?post=230366"}],"version-history":[{"count":0,"href":"https:\/\/plazajuarez.mx\/historico\/wp-json\/wp\/v2\/posts\/230366\/revisions"}],"wp:featuredmedia":[{"embeddable":true,"href":"https:\/\/plazajuarez.mx\/historico\/wp-json\/wp\/v2\/media\/230375"}],"wp:attachment":[{"href":"https:\/\/plazajuarez.mx\/historico\/wp-json\/wp\/v2\/media?parent=230366"}],"wp:term":[{"taxonomy":"category","embeddable":true,"href":"https:\/\/plazajuarez.mx\/historico\/wp-json\/wp\/v2\/categories?post=230366"},{"taxonomy":"post_tag","embeddable":true,"href":"https:\/\/plazajuarez.mx\/historico\/wp-json\/wp\/v2\/tags?post=230366"}],"curies":[{"name":"wp","href":"https:\/\/api.w.org\/{rel}","templated":true}]}}