{"id":23036,"date":"2016-06-15T12:48:52","date_gmt":"2016-06-15T12:48:52","guid":{"rendered":"http:\/\/plazajuarez.mx\/index\/index.php\/2016\/06\/15\/mijares-se-recupera-de-cirugia-de-columna\/"},"modified":"2016-06-15T12:48:52","modified_gmt":"2016-06-15T12:48:52","slug":"mijares-se-recupera-de-cirugia-de-columna","status":"publish","type":"post","link":"https:\/\/plazajuarez.mx\/historico\/mijares-se-recupera-de-cirugia-de-columna\/","title":{"rendered":"Mijares se recupera de cirug\u00eda de columna"},"content":{"rendered":"<p style=\"text-align: justify;\">Entre las fotos que el cantante comparti\u00f3 en Instagram est\u00e1 una en la que se ve claramente su herida cerrada con grapas. Asegura que se est\u00e1 recuperando favorablemente.<\/p>\n<p>  <!--more-->  <\/p>\n<p style=\"text-align: justify;\">El cantante Manuel Mijares us\u00f3 su cuenta de Instagram para dar a conocer a sus seguidores y medios de comunicaci\u00f3n que se encuentra recuper\u00e1ndose tras una intervenci\u00f3n m\u00e9dica en la zona cervical.<br \/>Junto a unas im\u00e1genes en donde vemos la enorme cicatriz llena de grapas que le qued\u00f3 tras la operaci\u00f3n, y desde el hospital, Mijares escribi\u00f3 lo siguiente:<br \/>\u201c#AtentoAviso Les comparto que me acabo de someter a una cirug\u00eda por un problemita en el \u00e1rea cervical, pero afortunadamente, y gracias a Dios, todo sali\u00f3 muy bien. Ya estoy recuper\u00e1ndome&#8230; Les comparto unas im\u00e1genes de lo que fue mi paso por el hospital, y el resultado de la cirug\u00eda. Abrazos con cari\u00f1o a todos. \u2013M\u201d.<br \/>\u201cComo ven, estoy recuper\u00e1ndome muy bien, el cari\u00f1o de mis seguidoras y seguidores siempre ha sido fundamental para salir adelante ante cada reto. Y ya casi listos para vernos este 17 de Junio en el Auditorio Nacional. Ah\u00ed los espero a todos!!! #QueSigaLaM\u00fasica #Mijares #TworAmigos\u201d(sic.), escribi\u00f3 en otra foto donde lo vemos parado caminando en el hospital.<\/p>\n","protected":false},"excerpt":{"rendered":"<p>Entre las fotos que el cantante comparti\u00f3 en Instagram est\u00e1 una en la que se ve claramente su herida cerrada con grapas. Asegura que se est\u00e1 recuperando favorablemente.<\/p>\n","protected":false},"author":93,"featured_media":0,"comment_status":"open","ping_status":"open","sticky":false,"template":"","format":"standard","meta":{"footnotes":""},"categories":[38],"tags":[],"class_list":["post-23036","post","type-post","status-publish","format-standard","hentry","category-show"],"_links":{"self":[{"href":"https:\/\/plazajuarez.mx\/historico\/wp-json\/wp\/v2\/posts\/23036","targetHints":{"allow":["GET"]}}],"collection":[{"href":"https:\/\/plazajuarez.mx\/historico\/wp-json\/wp\/v2\/posts"}],"about":[{"href":"https:\/\/plazajuarez.mx\/historico\/wp-json\/wp\/v2\/types\/post"}],"author":[{"embeddable":true,"href":"https:\/\/plazajuarez.mx\/historico\/wp-json\/wp\/v2\/users\/93"}],"replies":[{"embeddable":true,"href":"https:\/\/plazajuarez.mx\/historico\/wp-json\/wp\/v2\/comments?post=23036"}],"version-history":[{"count":0,"href":"https:\/\/plazajuarez.mx\/historico\/wp-json\/wp\/v2\/posts\/23036\/revisions"}],"wp:attachment":[{"href":"https:\/\/plazajuarez.mx\/historico\/wp-json\/wp\/v2\/media?parent=23036"}],"wp:term":[{"taxonomy":"category","embeddable":true,"href":"https:\/\/plazajuarez.mx\/historico\/wp-json\/wp\/v2\/categories?post=23036"},{"taxonomy":"post_tag","embeddable":true,"href":"https:\/\/plazajuarez.mx\/historico\/wp-json\/wp\/v2\/tags?post=23036"}],"curies":[{"name":"wp","href":"https:\/\/api.w.org\/{rel}","templated":true}]}}