{"id":230359,"date":"2022-09-17T16:05:49","date_gmt":"2022-09-17T21:05:49","guid":{"rendered":"https:\/\/plazajuarez.mx\/?p=230359"},"modified":"2022-09-17T16:05:55","modified_gmt":"2022-09-17T21:05:55","slug":"menor_huejutla","status":"publish","type":"post","link":"https:\/\/plazajuarez.mx\/historico\/menor_huejutla\/","title":{"rendered":"Desaparece menor en Huejutla"},"content":{"rendered":"\n<p>La Procuradur\u00eda General de Justicia del estado de Hidalgo (PGJEH) activ\u00f3 la ficha de b\u00fasqueda para localizar a una menor de 17 a\u00f1os identificada con el nombre de Andrea Meneses Bautista, qui\u00e9n fue vista por \u00faltima vez el pasado mi\u00e9rcoles 14 de septiembre en el municipio de Huejutla.<\/p>\n\n\n\n<p>Por lo cual, familiares de Andrea realizaron la denuncia correspondiente; por lo qu\u00e9 las autoridades ya iniciaron con las investigaciones.<\/p>\n\n\n\n<p>Como se\u00f1as particulares tiene cabello largo y lacio, ojos color caf\u00e9 claro, estatura 1.60m. y peso 65 kg.<\/p>\n\n\n\n<p>Hasta el momento las autoridades han determinado que la menor es considerada como persona no localizada.<\/p>\n","protected":false},"excerpt":{"rendered":"<p>La Procuradur\u00eda General de Justicia del estado de Hidalgo (PGJEH) activ\u00f3 la ficha de b\u00fasqueda para localizar a una menor de 17 a\u00f1os identificada con el nombre de Andrea Meneses Bautista, qui\u00e9n fue vista por \u00faltima vez el pasado mi\u00e9rcoles 14 de septiembre en el municipio de Huejutla. Por lo cual, familiares de Andrea realizaron [&hellip;]<\/p>\n","protected":false},"author":93,"featured_media":230360,"comment_status":"closed","ping_status":"closed","sticky":false,"template":"","format":"standard","meta":{"footnotes":""},"categories":[15,2159,40],"tags":[],"class_list":["post-230359","post","type-post","status-publish","format-standard","has-post-thumbnail","hentry","category-destacadas","category-noticias-de-hidalgo","category-region"],"_links":{"self":[{"href":"https:\/\/plazajuarez.mx\/historico\/wp-json\/wp\/v2\/posts\/230359","targetHints":{"allow":["GET"]}}],"collection":[{"href":"https:\/\/plazajuarez.mx\/historico\/wp-json\/wp\/v2\/posts"}],"about":[{"href":"https:\/\/plazajuarez.mx\/historico\/wp-json\/wp\/v2\/types\/post"}],"author":[{"embeddable":true,"href":"https:\/\/plazajuarez.mx\/historico\/wp-json\/wp\/v2\/users\/93"}],"replies":[{"embeddable":true,"href":"https:\/\/plazajuarez.mx\/historico\/wp-json\/wp\/v2\/comments?post=230359"}],"version-history":[{"count":0,"href":"https:\/\/plazajuarez.mx\/historico\/wp-json\/wp\/v2\/posts\/230359\/revisions"}],"wp:featuredmedia":[{"embeddable":true,"href":"https:\/\/plazajuarez.mx\/historico\/wp-json\/wp\/v2\/media\/230360"}],"wp:attachment":[{"href":"https:\/\/plazajuarez.mx\/historico\/wp-json\/wp\/v2\/media?parent=230359"}],"wp:term":[{"taxonomy":"category","embeddable":true,"href":"https:\/\/plazajuarez.mx\/historico\/wp-json\/wp\/v2\/categories?post=230359"},{"taxonomy":"post_tag","embeddable":true,"href":"https:\/\/plazajuarez.mx\/historico\/wp-json\/wp\/v2\/tags?post=230359"}],"curies":[{"name":"wp","href":"https:\/\/api.w.org\/{rel}","templated":true}]}}